{"id":35462,"date":"2026-09-03T14:18:27","date_gmt":"2026-09-03T12:18:27","guid":{"rendered":"https:\/\/slawa.pl\/?p=35462"},"modified":"2026-09-03T14:18:27","modified_gmt":"2026-09-03T12:18:27","slug":"zajecia-muzyczno-ruchowe-meloro","status":"publish","type":"post","link":"https:\/\/slawa.pl\/zajecia-muzyczno-ruchowe-meloro\/","title":{"rendered":"Zaj\u0119cia Muzyczno-Ruchowe MELORO\u00a0"},"content":{"rendered":"<div class=\"fusion-fullwidth fullwidth-box fusion-builder-row-1 fusion-flex-container has-pattern-background has-mask-background nonhundred-percent-fullwidth non-hundred-percent-height-scrolling\" style=\"--awb-border-radius-top-left:0px;--awb-border-radius-top-right:0px;--awb-border-radius-bottom-right:0px;--awb-border-radius-bottom-left:0px;--awb-flex-wrap:wrap;\" ><div class=\"fusion-builder-row fusion-row fusion-flex-align-items-flex-start fusion-flex-content-wrap\" style=\"max-width:1713.6px;margin-left: calc(-2% \/ 2 );margin-right: calc(-2% \/ 2 );\"><div class=\"fusion-layout-column fusion_builder_column fusion-builder-column-0 fusion_builder_column_1_2 1_2 fusion-flex-column\" style=\"--awb-bg-size:cover;--awb-width-large:50%;--awb-margin-top-large:0px;--awb-spacing-right-large:1.96%;--awb-margin-bottom-large:20px;--awb-spacing-left-large:1.96%;--awb-width-medium:50%;--awb-order-medium:0;--awb-spacing-right-medium:1.96%;--awb-spacing-left-medium:1.96%;--awb-width-small:100%;--awb-order-small:0;--awb-spacing-right-small:0.98%;--awb-spacing-left-small:0.98%;\"><div class=\"fusion-column-wrapper fusion-column-has-shadow fusion-flex-justify-content-flex-start fusion-content-layout-column\"><div class=\"fusion-text fusion-text-1\"><p>Zapraszamy dzieci na nowe zaj\u0119cia muzyczno-ruchowe MELORO, kt\u00f3re \u0142\u0105cz\u0105 edukacj\u0119 muzyczn\u0105 z ruchem i kreatywn\u0105 zabaw\u0105. Oferta skierowana jest do dzieci do 6 lat.<\/p>\n<p>Zaj\u0119cia maj\u0105 na celu rozwijanie poczucia rytmu, wra\u017cliwo\u015bci muzycznej oraz koordynacji ruchowej. Podczas spotka\u0144 dzieci graj\u0105 na instrumentach, \u015bpiewaj\u0105, ta\u0144cz\u0105 i uczestnicz\u0105 w \u0107wiczeniach rytmicznych, jednocze\u015bnie ucz\u0105c si\u0119 wsp\u00f3\u0142pracy w grupie r\u00f3wie\u015bniczej i buduj\u0105c pewno\u015b\u0107 siebie.<\/p>\n<p>Zaj\u0119cia odbywa\u0107 si\u0119 b\u0119d\u0105 w Domu Kultury w S\u0142awie,<br \/>\nw czwartki od godziny 16:15 do 17:00<br \/>\nklasa nr 22<\/p>\n<p>Koszt udzia\u0142u: 99 z\u0142 \/ miesi\u0105c, obowi\u0105zuje zni\u017cka dla rodze\u0144stwa 89 z\u0142 za ka\u017cde dziecko.<br \/>\nPierwsze zaj\u0119cia s\u0105 bezp\u0142atne! <span class=\"x1xsqp64 xiy17q3 x1o6pynw x19co3pv xdj266r xjn30re xat24cr x1hb08if x2b8uid\" data-testid=\"emoji\" data-emoji-size=\"16\"><br \/>\n<\/span>Zaj\u0119cia prowadzi Roksana Niezgoda.<br \/>\nZapisy i informacje: 510 277 800<\/p>\n<\/div><\/div><\/div><div class=\"fusion-layout-column fusion_builder_column fusion-builder-column-1 fusion_builder_column_1_2 1_2 fusion-flex-column\" style=\"--awb-bg-size:cover;--awb-width-large:50%;--awb-margin-top-large:0px;--awb-spacing-right-large:1.96%;--awb-margin-bottom-large:20px;--awb-spacing-left-large:1.96%;--awb-width-medium:50%;--awb-order-medium:0;--awb-spacing-right-medium:1.96%;--awb-spacing-left-medium:1.96%;--awb-width-small:100%;--awb-order-small:0;--awb-spacing-right-small:0.98%;--awb-spacing-left-small:0.98%;\"><div class=\"fusion-column-wrapper fusion-column-has-shadow fusion-flex-justify-content-flex-start fusion-content-layout-column\"><div class=\"awb-gallery-wrapper awb-gallery-wrapper-1 button-span-no\" style=\"--more-btn-alignment:center;\"><div style=\"margin:-5px;--awb-bordersize:0px;\" class=\"fusion-gallery fusion-gallery-container fusion-grid-3 fusion-columns-total-1 fusion-gallery-layout-grid fusion-gallery-1\"><div style=\"padding:5px;\" class=\"fusion-grid-column fusion-gallery-column fusion-gallery-column-3 hover-type-none\"><div class=\"fusion-gallery-image\"><a href=\"https:\/\/slawa.pl\/wp-content\/uploads\/2026\/09\/787556421_1435990641769643_3180386452159414258_n.jpg\" rel=\"noreferrer\" data-rel=\"iLightbox[gallery_image_1]\" class=\"fusion-lightbox\" target=\"_self\"><img decoding=\"async\" src=\"https:\/\/slawa.pl\/wp-content\/uploads\/2026\/09\/787556421_1435990641769643_3180386452159414258_n.jpg\" width=\"848\" height=\"1200\" alt=\"Meloro\" title=\"787556421_1435990641769643_3180386452159414258_n\" aria-label=\"787556421_1435990641769643_3180386452159414258_n\" class=\"img-responsive wp-image-35463\" srcset=\"https:\/\/slawa.pl\/wp-content\/uploads\/2026\/09\/787556421_1435990641769643_3180386452159414258_n-200x283.jpg 200w, https:\/\/slawa.pl\/wp-content\/uploads\/2026\/09\/787556421_1435990641769643_3180386452159414258_n-400x566.jpg 400w, https:\/\/slawa.pl\/wp-content\/uploads\/2026\/09\/787556421_1435990641769643_3180386452159414258_n-600x849.jpg 600w, https:\/\/slawa.pl\/wp-content\/uploads\/2026\/09\/787556421_1435990641769643_3180386452159414258_n-800x1132.jpg 800w, https:\/\/slawa.pl\/wp-content\/uploads\/2026\/09\/787556421_1435990641769643_3180386452159414258_n.jpg 848w\" sizes=\"(min-width: 2200px) 100vw, (min-width: 784px) 557px, (min-width: 712px) 784px, (min-width: 640px) 712px, \" \/><\/a><\/div><\/div><\/div><\/div><\/div><\/div><\/div><\/div>\n","protected":false},"excerpt":{"rendered":"","protected":false},"author":15,"featured_media":35464,"comment_status":"closed","ping_status":"closed","sticky":false,"template":"","format":"standard","meta":{"footnotes":""},"categories":[5],"tags":[],"class_list":["post-35462","post","type-post","status-publish","format-standard","has-post-thumbnail","hentry","category-aktualnosci"],"_links":{"self":[{"href":"https:\/\/slawa.pl\/mcn_json_endpoint\/wp\/v2\/posts\/35462","targetHints":{"allow":["GET"]}}],"collection":[{"href":"https:\/\/slawa.pl\/mcn_json_endpoint\/wp\/v2\/posts"}],"about":[{"href":"https:\/\/slawa.pl\/mcn_json_endpoint\/wp\/v2\/types\/post"}],"author":[{"embeddable":true,"href":"https:\/\/slawa.pl\/mcn_json_endpoint\/wp\/v2\/users\/15"}],"replies":[{"embeddable":true,"href":"https:\/\/slawa.pl\/mcn_json_endpoint\/wp\/v2\/comments?post=35462"}],"version-history":[{"count":1,"href":"https:\/\/slawa.pl\/mcn_json_endpoint\/wp\/v2\/posts\/35462\/revisions"}],"predecessor-version":[{"id":35465,"href":"https:\/\/slawa.pl\/mcn_json_endpoint\/wp\/v2\/posts\/35462\/revisions\/35465"}],"wp:featuredmedia":[{"embeddable":true,"href":"https:\/\/slawa.pl\/mcn_json_endpoint\/wp\/v2\/media\/35464"}],"wp:attachment":[{"href":"https:\/\/slawa.pl\/mcn_json_endpoint\/wp\/v2\/media?parent=35462"}],"wp:term":[{"taxonomy":"category","embeddable":true,"href":"https:\/\/slawa.pl\/mcn_json_endpoint\/wp\/v2\/categories?post=35462"},{"taxonomy":"post_tag","embeddable":true,"href":"https:\/\/slawa.pl\/mcn_json_endpoint\/wp\/v2\/tags?post=35462"}],"curies":[{"name":"wp","href":"https:\/\/api.w.org\/{rel}","templated":true}]}}