{"id":35443,"date":"2026-09-03T12:35:24","date_gmt":"2026-09-03T10:35:24","guid":{"rendered":"https:\/\/slawa.pl\/?p=35443"},"modified":"2026-09-04T08:47:13","modified_gmt":"2026-09-04T06:47:13","slug":"wizytacja-inwestycji-termomodernizacyjnej-w-slawskich-placowkach-oswiatowych","status":"publish","type":"post","link":"https:\/\/slawa.pl\/wizytacja-inwestycji-termomodernizacyjnej-w-slawskich-placowkach-oswiatowych\/","title":{"rendered":"Wizytacja inwestycji termomodernizacyjnej w s\u0142awskich plac\u00f3wkach o\u015bwiatowych"},"content":{"rendered":"<div class=\"fusion-fullwidth fullwidth-box fusion-builder-row-1 fusion-flex-container has-pattern-background has-mask-background nonhundred-percent-fullwidth non-hundred-percent-height-scrolling\" style=\"--awb-border-radius-top-left:0px;--awb-border-radius-top-right:0px;--awb-border-radius-bottom-right:0px;--awb-border-radius-bottom-left:0px;--awb-flex-wrap:wrap;\" ><div class=\"fusion-builder-row fusion-row fusion-flex-align-items-flex-start fusion-flex-content-wrap\" style=\"max-width:1713.6px;margin-left: calc(-2% \/ 2 );margin-right: calc(-2% \/ 2 );\"><div class=\"fusion-layout-column fusion_builder_column fusion-builder-column-0 fusion_builder_column_1_2 1_2 fusion-flex-column\" style=\"--awb-bg-size:cover;--awb-width-large:50%;--awb-margin-top-large:0px;--awb-spacing-right-large:1.96%;--awb-margin-bottom-large:20px;--awb-spacing-left-large:1.96%;--awb-width-medium:50%;--awb-order-medium:0;--awb-spacing-right-medium:1.96%;--awb-spacing-left-medium:1.96%;--awb-width-small:100%;--awb-order-small:0;--awb-spacing-right-small:0.98%;--awb-spacing-left-small:0.98%;\"><div class=\"fusion-column-wrapper fusion-column-has-shadow fusion-flex-justify-content-flex-start fusion-content-layout-column\"><div class=\"fusion-text fusion-text-1\"><div class=\"xdj266r x14z9mp xat24cr x1lziwak x1vvkbs x126k92a\">\n<div dir=\"auto\">\n<p>Odby\u0142a si\u0119 wizytacja zwi\u0105zana z realizacj\u0105 prac termomodernizacyjnych. Burmistrz S\u0142awy Cezary Sadraku\u0142a oraz Kierownik Referatu Techniczno-Inwestycyjnego i Architektury Marek Wr\u00f3bel zapoznali si\u0119 z post\u0119pem rob\u00f3t oraz aktualnym stanem zaawansowania zadania.<\/p>\n<\/div>\n<\/div>\n<div class=\"x14z9mp xat24cr x1lziwak x1vvkbs xtlvy1s x126k92a\">\n<div dir=\"auto\">Gmina S\u0142awa realizuje projekt pn. \u201eTermomodernizacja budynk\u00f3w: Szko\u0142y Podstawowej, Zespo\u0142u Szk\u00f3\u0142 Ponadpodstawowych oraz sali gimnastycznej w S\u0142awie wraz z modernizacj\u0105 \u017ar\u00f3de\u0142 ciep\u0142a\u201d.<\/div>\n<div dir=\"auto\">\n<p>Projekt jest wsp\u00f3\u0142finansowany w ramach Programu Fundusze Europejskie dla Lubuskiego 2021\u20132027.<\/p>\n<\/div>\n<\/div>\n<div class=\"x14z9mp xat24cr x1lziwak x1vvkbs xtlvy1s x126k92a\">\n<div dir=\"auto\">\n<p>Inwestycja wchodzi w ko\u0144cowy etap realizacji. W obiektach trwaj\u0105 prace wyko\u0144czeniowe oraz prowadzone s\u0105 ostatnie roboty budowlane. Wykonawca prowadzi je zgodnie z przyj\u0119tym harmonogramem.<\/p>\n<\/div>\n<\/div>\n<div class=\"x14z9mp xat24cr x1lziwak x1vvkbs xtlvy1s x126k92a\">\n<div dir=\"auto\">\n<p>Kolejne etapy przybli\u017caj\u0105 przedsi\u0119wzi\u0119cie do zako\u0144czenia i oddania obiekt\u00f3w do u\u017cytkowania. Po zako\u0144czeniu wszystkich rob\u00f3t uczniowie i nauczyciele b\u0119d\u0105 mogli korzysta\u0107 z nowocze\u015bniejszych i energooszcz\u0119dnych obiekt\u00f3w o\u015bwiatowych Szko\u0142y Podstawowej oraz Zespo\u0142u Szk\u00f3\u0142 Ponadpodstawowych w S\u0142awie.<\/p>\n<\/div>\n<\/div>\n<div class=\"x14z9mp xat24cr x1lziwak x1vvkbs xtlvy1s x126k92a\">\n<div dir=\"auto\">\n<p>Przeprowadzone dzia\u0142ania wp\u0142yn\u0105 na popraw\u0119 stanu energetycznego modernizowanych obiekt\u00f3w. Dzi\u0119ki wykonanym pracom ograniczone zostan\u0105 zu\u017cycie energii i straty ciep\u0142a. Inwestycja przyczyni si\u0119 r\u00f3wnie\u017c do poprawy komfortu u\u017cytkownik\u00f3w oraz ograniczenia emisji zanieczyszcze\u0144 i negatywnego oddzia\u0142ywania na \u015brodowisko.<\/p>\n<\/div>\n<\/div>\n<div class=\"x14z9mp xat24cr x1lziwak x1vvkbs xtlvy1s x126k92a\">\n<div dir=\"auto\">Warto\u015b\u0107 projektu: 12.374.188,87 z\u0142<\/div>\n<div dir=\"auto\">\n<p>Wysoko\u015b\u0107 wk\u0142adu z Funduszy Europejskich: 9.767.160,33 z\u0142.<\/p>\n<\/div>\n<\/div>\n<div class=\"x14z9mp xat24cr x1lziwak x1vvkbs xtlvy1s x126k92a\">\n<div dir=\"auto\"><span class=\"html-span xdj266r x14z9mp xat24cr x1lziwak xexx8yu xyri2b x18d9i69 x1c1uobl x1hl2dhg x16tdsg8 x1vvkbs\"><a class=\"x1i10hfl xjbqb8w x1ejq31n x18oe1m7 x1sy0etr xstzfhl x972fbf x10w94by x1qhh985 x14e42zd x9f619 x1ypdohk xt0psk2 x3ct3a4 xdj266r x14z9mp xat24cr x1lziwak xexx8yu xyri2b x18d9i69 x1c1uobl x16tdsg8 x1hl2dhg xggy1nq x1a2a7pz xkrqix3 x1sur9pj x1fey0fg x1s688f\" tabindex=\"0\" role=\"link\" href=\"https:\/\/www.facebook.com\/hashtag\/funduszeeuropejskie?__cft__&#091;0&#093;=AZh7GrdxKvnP9x5n_mxCn_8cb5gBt6IKEALcelyKxZHyWb4YSdghB6_Y8TZFLOQmycgsy-uAGRcYvWcfVxExqffgV2ue0gFZlUHKEsZanvom25pHdibxYQ2yzHnGQGQPYp29yMOgbZA&amp;__tn__=*NK-R\">#funduszeeuropejskie<\/a><\/span><\/div>\n<div dir=\"auto\"><span class=\"html-span xdj266r x14z9mp xat24cr x1lziwak xexx8yu xyri2b x18d9i69 x1c1uobl x1hl2dhg x16tdsg8 x1vvkbs\"><a class=\"x1i10hfl xjbqb8w x1ejq31n x18oe1m7 x1sy0etr xstzfhl x972fbf x10w94by x1qhh985 x14e42zd x9f619 x1ypdohk xt0psk2 x3ct3a4 xdj266r x14z9mp xat24cr x1lziwak xexx8yu xyri2b x18d9i69 x1c1uobl x16tdsg8 x1hl2dhg xggy1nq x1a2a7pz xkrqix3 x1sur9pj x1fey0fg x1s688f\" tabindex=\"0\" role=\"link\" href=\"https:\/\/www.facebook.com\/hashtag\/funduszeue?__cft__&#091;0&#093;=AZh7GrdxKvnP9x5n_mxCn_8cb5gBt6IKEALcelyKxZHyWb4YSdghB6_Y8TZFLOQmycgsy-uAGRcYvWcfVxExqffgV2ue0gFZlUHKEsZanvom25pHdibxYQ2yzHnGQGQPYp29yMOgbZA&amp;__tn__=*NK-R\">#FunduszeUE<\/a><\/span><\/div>\n<\/div>\n<\/div><\/div><\/div><div class=\"fusion-layout-column fusion_builder_column fusion-builder-column-1 fusion_builder_column_1_2 1_2 fusion-flex-column\" style=\"--awb-bg-size:cover;--awb-width-large:50%;--awb-margin-top-large:0px;--awb-spacing-right-large:1.96%;--awb-margin-bottom-large:20px;--awb-spacing-left-large:1.96%;--awb-width-medium:50%;--awb-order-medium:0;--awb-spacing-right-medium:1.96%;--awb-spacing-left-medium:1.96%;--awb-width-small:100%;--awb-order-small:0;--awb-spacing-right-small:0.98%;--awb-spacing-left-small:0.98%;\"><div class=\"fusion-column-wrapper fusion-column-has-shadow fusion-flex-justify-content-flex-start fusion-content-layout-column\"><div class=\"awb-gallery-wrapper awb-gallery-wrapper-1 button-span-no\" style=\"--more-btn-alignment:center;\"><div style=\"margin:-5px;--awb-bordersize:0px;\" class=\"fusion-gallery fusion-gallery-container fusion-grid-3 fusion-columns-total-11 fusion-gallery-layout-grid fusion-gallery-1\"><div style=\"padding:5px;\" class=\"fusion-grid-column fusion-gallery-column fusion-gallery-column-3 hover-type-none\"><div class=\"fusion-gallery-image\"><a href=\"https:\/\/slawa.pl\/wp-content\/uploads\/2026\/09\/LOGTYPY-INWESTYCJE.jpg\" rel=\"noreferrer\" data-rel=\"iLightbox[gallery_image_1]\" class=\"fusion-lightbox\" target=\"_self\"><img decoding=\"async\" src=\"https:\/\/slawa.pl\/wp-content\/uploads\/2026\/09\/LOGTYPY-INWESTYCJE.jpg\" width=\"1200\" height=\"194\" alt=\"LOGOTYPY INWESTYCJE\" title=\"LOGOTYPY INWESTYCJE\" aria-label=\"LOGOTYPY INWESTYCJE\" class=\"img-responsive wp-image-35454\" srcset=\"https:\/\/slawa.pl\/wp-content\/uploads\/2026\/09\/LOGTYPY-INWESTYCJE-200x32.jpg 200w, https:\/\/slawa.pl\/wp-content\/uploads\/2026\/09\/LOGTYPY-INWESTYCJE-400x65.jpg 400w, https:\/\/slawa.pl\/wp-content\/uploads\/2026\/09\/LOGTYPY-INWESTYCJE-600x97.jpg 600w, https:\/\/slawa.pl\/wp-content\/uploads\/2026\/09\/LOGTYPY-INWESTYCJE-800x129.jpg 800w, https:\/\/slawa.pl\/wp-content\/uploads\/2026\/09\/LOGTYPY-INWESTYCJE.jpg 1200w\" sizes=\"(min-width: 2200px) 100vw, (min-width: 784px) 557px, (min-width: 712px) 784px, (min-width: 640px) 712px, \" \/><\/a><\/div><\/div><div style=\"padding:5px;\" class=\"fusion-grid-column fusion-gallery-column fusion-gallery-column-3 hover-type-none\"><div class=\"fusion-gallery-image\"><a href=\"https:\/\/slawa.pl\/wp-content\/uploads\/2026\/09\/DSC_5541-\u2014-kopia.jpg\" rel=\"noreferrer\" data-rel=\"iLightbox[gallery_image_1]\" class=\"fusion-lightbox\" target=\"_self\"><img decoding=\"async\" src=\"https:\/\/slawa.pl\/wp-content\/uploads\/2026\/09\/DSC_5541-\u2014-kopia.jpg\" width=\"1200\" height=\"800\" alt=\"WIZYTACJA INWESTYCJI TERMOMODERNIZACJI BUDYNK\u00d3W O\u015aWIATOWYCH W S\u0141AWIE\" title=\"WIZYTACJA INWESTYCJI TERMOMODERNIZACJI BUDYNK\u00d3W O\u015aWIATOWYCH W S\u0141AWIE\" aria-label=\"WIZYTACJA INWESTYCJI TERMOMODERNIZACJI BUDYNK\u00d3W O\u015aWIATOWYCH W S\u0141AWIE\" class=\"img-responsive wp-image-35444\" srcset=\"https:\/\/slawa.pl\/wp-content\/uploads\/2026\/09\/DSC_5541-\u2014-kopia-200x133.jpg 200w, https:\/\/slawa.pl\/wp-content\/uploads\/2026\/09\/DSC_5541-\u2014-kopia-400x267.jpg 400w, https:\/\/slawa.pl\/wp-content\/uploads\/2026\/09\/DSC_5541-\u2014-kopia-600x400.jpg 600w, https:\/\/slawa.pl\/wp-content\/uploads\/2026\/09\/DSC_5541-\u2014-kopia-800x533.jpg 800w, https:\/\/slawa.pl\/wp-content\/uploads\/2026\/09\/DSC_5541-\u2014-kopia.jpg 1200w\" sizes=\"(min-width: 2200px) 100vw, (min-width: 784px) 557px, (min-width: 712px) 784px, (min-width: 640px) 712px, \" \/><\/a><\/div><\/div><div style=\"padding:5px;\" class=\"fusion-grid-column fusion-gallery-column fusion-gallery-column-3 hover-type-none\"><div class=\"fusion-gallery-image\"><a href=\"https:\/\/slawa.pl\/wp-content\/uploads\/2026\/09\/DSC_5542-\u2014-kopia.jpg\" rel=\"noreferrer\" data-rel=\"iLightbox[gallery_image_1]\" class=\"fusion-lightbox\" target=\"_self\"><img decoding=\"async\" src=\"https:\/\/slawa.pl\/wp-content\/uploads\/2026\/09\/DSC_5542-\u2014-kopia.jpg\" width=\"1200\" height=\"800\" alt=\"WIZYTACJA INWESTYCJI TERMOMODERNIZACJI BUDYNK\u00d3W O\u015aWIATOWYCH W S\u0141AWIE\" title=\"WIZYTACJA INWESTYCJI TERMOMODERNIZACJI BUDYNK\u00d3W O\u015aWIATOWYCH W S\u0141AWIE\" aria-label=\"WIZYTACJA INWESTYCJI TERMOMODERNIZACJI BUDYNK\u00d3W O\u015aWIATOWYCH W S\u0141AWIE\" class=\"img-responsive wp-image-35445\" srcset=\"https:\/\/slawa.pl\/wp-content\/uploads\/2026\/09\/DSC_5542-\u2014-kopia-200x133.jpg 200w, https:\/\/slawa.pl\/wp-content\/uploads\/2026\/09\/DSC_5542-\u2014-kopia-400x267.jpg 400w, https:\/\/slawa.pl\/wp-content\/uploads\/2026\/09\/DSC_5542-\u2014-kopia-600x400.jpg 600w, https:\/\/slawa.pl\/wp-content\/uploads\/2026\/09\/DSC_5542-\u2014-kopia-800x533.jpg 800w, https:\/\/slawa.pl\/wp-content\/uploads\/2026\/09\/DSC_5542-\u2014-kopia.jpg 1200w\" sizes=\"(min-width: 2200px) 100vw, (min-width: 784px) 557px, (min-width: 712px) 784px, (min-width: 640px) 712px, \" \/><\/a><\/div><\/div><div class=\"clearfix\"><\/div><div style=\"padding:5px;\" class=\"fusion-grid-column fusion-gallery-column fusion-gallery-column-3 hover-type-none\"><div class=\"fusion-gallery-image\"><a href=\"https:\/\/slawa.pl\/wp-content\/uploads\/2026\/09\/DSC_5544.jpg\" rel=\"noreferrer\" data-rel=\"iLightbox[gallery_image_1]\" class=\"fusion-lightbox\" target=\"_self\"><img decoding=\"async\" src=\"https:\/\/slawa.pl\/wp-content\/uploads\/2026\/09\/DSC_5544.jpg\" width=\"1200\" height=\"800\" alt=\"\" title=\"DSC_5544\" aria-label=\"DSC_5544\" class=\"img-responsive wp-image-35446\" srcset=\"https:\/\/slawa.pl\/wp-content\/uploads\/2026\/09\/DSC_5544-200x133.jpg 200w, https:\/\/slawa.pl\/wp-content\/uploads\/2026\/09\/DSC_5544-400x267.jpg 400w, https:\/\/slawa.pl\/wp-content\/uploads\/2026\/09\/DSC_5544-600x400.jpg 600w, https:\/\/slawa.pl\/wp-content\/uploads\/2026\/09\/DSC_5544-800x533.jpg 800w, https:\/\/slawa.pl\/wp-content\/uploads\/2026\/09\/DSC_5544.jpg 1200w\" sizes=\"(min-width: 2200px) 100vw, (min-width: 784px) 557px, (min-width: 712px) 784px, (min-width: 640px) 712px, \" \/><\/a><\/div><\/div><div style=\"padding:5px;\" class=\"fusion-grid-column fusion-gallery-column fusion-gallery-column-3 hover-type-none\"><div class=\"fusion-gallery-image\"><a href=\"https:\/\/slawa.pl\/wp-content\/uploads\/2026\/09\/DSC_5547-\u2014-kopia.jpg\" rel=\"noreferrer\" data-rel=\"iLightbox[gallery_image_1]\" class=\"fusion-lightbox\" target=\"_self\"><img decoding=\"async\" src=\"https:\/\/slawa.pl\/wp-content\/uploads\/2026\/09\/DSC_5547-\u2014-kopia.jpg\" width=\"1200\" height=\"800\" alt=\"WIZYTACJA INWESTYCJI TERMOMODERNIZACJI BUDYNK\u00d3W O\u015aWIATOWYCH W S\u0141AWIE\" title=\"WIZYTACJA INWESTYCJI TERMOMODERNIZACJI BUDYNK\u00d3W O\u015aWIATOWYCH W S\u0141AWIE\" aria-label=\"WIZYTACJA INWESTYCJI TERMOMODERNIZACJI BUDYNK\u00d3W O\u015aWIATOWYCH W S\u0141AWIE\" class=\"img-responsive wp-image-35447\" srcset=\"https:\/\/slawa.pl\/wp-content\/uploads\/2026\/09\/DSC_5547-\u2014-kopia-200x133.jpg 200w, https:\/\/slawa.pl\/wp-content\/uploads\/2026\/09\/DSC_5547-\u2014-kopia-400x267.jpg 400w, https:\/\/slawa.pl\/wp-content\/uploads\/2026\/09\/DSC_5547-\u2014-kopia-600x400.jpg 600w, https:\/\/slawa.pl\/wp-content\/uploads\/2026\/09\/DSC_5547-\u2014-kopia-800x533.jpg 800w, https:\/\/slawa.pl\/wp-content\/uploads\/2026\/09\/DSC_5547-\u2014-kopia.jpg 1200w\" sizes=\"(min-width: 2200px) 100vw, (min-width: 784px) 557px, (min-width: 712px) 784px, (min-width: 640px) 712px, \" \/><\/a><\/div><\/div><div style=\"padding:5px;\" class=\"fusion-grid-column fusion-gallery-column fusion-gallery-column-3 hover-type-none\"><div class=\"fusion-gallery-image\"><a href=\"https:\/\/slawa.pl\/wp-content\/uploads\/2026\/09\/DSC_5548.jpg\" rel=\"noreferrer\" data-rel=\"iLightbox[gallery_image_1]\" class=\"fusion-lightbox\" target=\"_self\"><img decoding=\"async\" src=\"https:\/\/slawa.pl\/wp-content\/uploads\/2026\/09\/DSC_5548.jpg\" width=\"1200\" height=\"800\" alt=\"WIZYTACJA INWESTYCJI TERMOMODERNIZACJI BUDYNK\u00d3W O\u015aWIATOWYCH W S\u0141AWIE\" title=\"WIZYTACJA INWESTYCJI TERMOMODERNIZACJI BUDYNK\u00d3W O\u015aWIATOWYCH W S\u0141AWIE\" aria-label=\"WIZYTACJA INWESTYCJI TERMOMODERNIZACJI BUDYNK\u00d3W O\u015aWIATOWYCH W S\u0141AWIE\" class=\"img-responsive wp-image-35448\" srcset=\"https:\/\/slawa.pl\/wp-content\/uploads\/2026\/09\/DSC_5548-200x133.jpg 200w, https:\/\/slawa.pl\/wp-content\/uploads\/2026\/09\/DSC_5548-400x267.jpg 400w, https:\/\/slawa.pl\/wp-content\/uploads\/2026\/09\/DSC_5548-600x400.jpg 600w, https:\/\/slawa.pl\/wp-content\/uploads\/2026\/09\/DSC_5548-800x533.jpg 800w, https:\/\/slawa.pl\/wp-content\/uploads\/2026\/09\/DSC_5548.jpg 1200w\" sizes=\"(min-width: 2200px) 100vw, (min-width: 784px) 557px, (min-width: 712px) 784px, (min-width: 640px) 712px, \" \/><\/a><\/div><\/div><div class=\"clearfix\"><\/div><div style=\"padding:5px;\" class=\"fusion-grid-column fusion-gallery-column fusion-gallery-column-3 hover-type-none\"><div class=\"fusion-gallery-image\"><a href=\"https:\/\/slawa.pl\/wp-content\/uploads\/2026\/09\/DSC_5549.jpg\" rel=\"noreferrer\" data-rel=\"iLightbox[gallery_image_1]\" class=\"fusion-lightbox\" target=\"_self\"><img decoding=\"async\" src=\"https:\/\/slawa.pl\/wp-content\/uploads\/2026\/09\/DSC_5549.jpg\" width=\"1200\" height=\"800\" alt=\"WIZYTACJA INWESTYCJI TERMOMODERNIZACJI BUDYNK\u00d3W O\u015aWIATOWYCH W S\u0141AWIE\" title=\"WIZYTACJA INWESTYCJI TERMOMODERNIZACJI BUDYNK\u00d3W O\u015aWIATOWYCH W S\u0141AWIE\" aria-label=\"WIZYTACJA INWESTYCJI TERMOMODERNIZACJI BUDYNK\u00d3W O\u015aWIATOWYCH W S\u0141AWIE\" class=\"img-responsive wp-image-35449\" srcset=\"https:\/\/slawa.pl\/wp-content\/uploads\/2026\/09\/DSC_5549-200x133.jpg 200w, https:\/\/slawa.pl\/wp-content\/uploads\/2026\/09\/DSC_5549-400x267.jpg 400w, https:\/\/slawa.pl\/wp-content\/uploads\/2026\/09\/DSC_5549-600x400.jpg 600w, https:\/\/slawa.pl\/wp-content\/uploads\/2026\/09\/DSC_5549-800x533.jpg 800w, https:\/\/slawa.pl\/wp-content\/uploads\/2026\/09\/DSC_5549.jpg 1200w\" sizes=\"(min-width: 2200px) 100vw, (min-width: 784px) 557px, (min-width: 712px) 784px, (min-width: 640px) 712px, \" \/><\/a><\/div><\/div><div style=\"padding:5px;\" class=\"fusion-grid-column fusion-gallery-column fusion-gallery-column-3 hover-type-none\"><div class=\"fusion-gallery-image\"><a href=\"https:\/\/slawa.pl\/wp-content\/uploads\/2026\/09\/DSC_5550.jpg\" rel=\"noreferrer\" data-rel=\"iLightbox[gallery_image_1]\" class=\"fusion-lightbox\" target=\"_self\"><img decoding=\"async\" src=\"https:\/\/slawa.pl\/wp-content\/uploads\/2026\/09\/DSC_5550.jpg\" width=\"1200\" height=\"800\" alt=\"WIZYTACJA INWESTYCJI TERMOMODERNIZACJI BUDYNK\u00d3W O\u015aWIATOWYCH W S\u0141AWIE\" title=\"WIZYTACJA INWESTYCJI TERMOMODERNIZACJI BUDYNK\u00d3W O\u015aWIATOWYCH W S\u0141AWIE\" aria-label=\"WIZYTACJA INWESTYCJI TERMOMODERNIZACJI BUDYNK\u00d3W O\u015aWIATOWYCH W S\u0141AWIE\" class=\"img-responsive wp-image-35450\" srcset=\"https:\/\/slawa.pl\/wp-content\/uploads\/2026\/09\/DSC_5550-200x133.jpg 200w, https:\/\/slawa.pl\/wp-content\/uploads\/2026\/09\/DSC_5550-400x267.jpg 400w, https:\/\/slawa.pl\/wp-content\/uploads\/2026\/09\/DSC_5550-600x400.jpg 600w, https:\/\/slawa.pl\/wp-content\/uploads\/2026\/09\/DSC_5550-800x533.jpg 800w, https:\/\/slawa.pl\/wp-content\/uploads\/2026\/09\/DSC_5550.jpg 1200w\" sizes=\"(min-width: 2200px) 100vw, (min-width: 784px) 557px, (min-width: 712px) 784px, (min-width: 640px) 712px, \" \/><\/a><\/div><\/div><div style=\"padding:5px;\" class=\"fusion-grid-column fusion-gallery-column fusion-gallery-column-3 hover-type-none\"><div class=\"fusion-gallery-image\"><a href=\"https:\/\/slawa.pl\/wp-content\/uploads\/2026\/09\/DSC_5552.jpg\" rel=\"noreferrer\" data-rel=\"iLightbox[gallery_image_1]\" class=\"fusion-lightbox\" target=\"_self\"><img decoding=\"async\" src=\"https:\/\/slawa.pl\/wp-content\/uploads\/2026\/09\/DSC_5552.jpg\" width=\"1200\" height=\"800\" alt=\"WIZYTACJA INWESTYCJI TERMOMODERNIZACJI BUDYNK\u00d3W O\u015aWIATOWYCH W S\u0141AWIE\" title=\"WIZYTACJA INWESTYCJI TERMOMODERNIZACJI BUDYNK\u00d3W O\u015aWIATOWYCH W S\u0141AWIE\" aria-label=\"WIZYTACJA INWESTYCJI TERMOMODERNIZACJI BUDYNK\u00d3W O\u015aWIATOWYCH W S\u0141AWIE\" class=\"img-responsive wp-image-35451\" srcset=\"https:\/\/slawa.pl\/wp-content\/uploads\/2026\/09\/DSC_5552-200x133.jpg 200w, https:\/\/slawa.pl\/wp-content\/uploads\/2026\/09\/DSC_5552-400x267.jpg 400w, https:\/\/slawa.pl\/wp-content\/uploads\/2026\/09\/DSC_5552-600x400.jpg 600w, https:\/\/slawa.pl\/wp-content\/uploads\/2026\/09\/DSC_5552-800x533.jpg 800w, https:\/\/slawa.pl\/wp-content\/uploads\/2026\/09\/DSC_5552.jpg 1200w\" sizes=\"(min-width: 2200px) 100vw, (min-width: 784px) 557px, (min-width: 712px) 784px, (min-width: 640px) 712px, \" \/><\/a><\/div><\/div><div class=\"clearfix\"><\/div><div style=\"padding:5px;\" class=\"fusion-grid-column fusion-gallery-column fusion-gallery-column-3 hover-type-none\"><div class=\"fusion-gallery-image\"><a href=\"https:\/\/slawa.pl\/wp-content\/uploads\/2026\/09\/DSC_5557.jpg\" rel=\"noreferrer\" data-rel=\"iLightbox[gallery_image_1]\" class=\"fusion-lightbox\" target=\"_self\"><img decoding=\"async\" src=\"https:\/\/slawa.pl\/wp-content\/uploads\/2026\/09\/DSC_5557.jpg\" width=\"1200\" height=\"800\" alt=\"WIZYTACJA INWESTYCJI TERMOMODERNIZACJI BUDYNK\u00d3W O\u015aWIATOWYCH W S\u0141AWIE\" title=\"WIZYTACJA INWESTYCJI TERMOMODERNIZACJI BUDYNK\u00d3W O\u015aWIATOWYCH W S\u0141AWIE\" aria-label=\"WIZYTACJA INWESTYCJI TERMOMODERNIZACJI BUDYNK\u00d3W O\u015aWIATOWYCH W S\u0141AWIE\" class=\"img-responsive wp-image-35452\" srcset=\"https:\/\/slawa.pl\/wp-content\/uploads\/2026\/09\/DSC_5557-200x133.jpg 200w, https:\/\/slawa.pl\/wp-content\/uploads\/2026\/09\/DSC_5557-400x267.jpg 400w, https:\/\/slawa.pl\/wp-content\/uploads\/2026\/09\/DSC_5557-600x400.jpg 600w, https:\/\/slawa.pl\/wp-content\/uploads\/2026\/09\/DSC_5557-800x533.jpg 800w, https:\/\/slawa.pl\/wp-content\/uploads\/2026\/09\/DSC_5557.jpg 1200w\" sizes=\"(min-width: 2200px) 100vw, (min-width: 784px) 557px, (min-width: 712px) 784px, (min-width: 640px) 712px, \" \/><\/a><\/div><\/div><div style=\"padding:5px;\" class=\"fusion-grid-column fusion-gallery-column fusion-gallery-column-3 hover-type-none\"><div class=\"fusion-gallery-image\"><a href=\"https:\/\/slawa.pl\/wp-content\/uploads\/2026\/09\/DSC_5561.jpg\" rel=\"noreferrer\" data-rel=\"iLightbox[gallery_image_1]\" class=\"fusion-lightbox\" target=\"_self\"><img decoding=\"async\" src=\"https:\/\/slawa.pl\/wp-content\/uploads\/2026\/09\/DSC_5561.jpg\" width=\"1200\" height=\"800\" alt=\"WIZYTACJA INWESTYCJI TERMOMODERNIZACJI BUDYNK\u00d3W O\u015aWIATOWYCH W S\u0141AWIE\" title=\"WIZYTACJA INWESTYCJI TERMOMODERNIZACJI BUDYNK\u00d3W O\u015aWIATOWYCH W S\u0141AWIE\" aria-label=\"WIZYTACJA INWESTYCJI TERMOMODERNIZACJI BUDYNK\u00d3W O\u015aWIATOWYCH W S\u0141AWIE\" class=\"img-responsive wp-image-35453\" srcset=\"https:\/\/slawa.pl\/wp-content\/uploads\/2026\/09\/DSC_5561-200x133.jpg 200w, https:\/\/slawa.pl\/wp-content\/uploads\/2026\/09\/DSC_5561-400x267.jpg 400w, https:\/\/slawa.pl\/wp-content\/uploads\/2026\/09\/DSC_5561-600x400.jpg 600w, https:\/\/slawa.pl\/wp-content\/uploads\/2026\/09\/DSC_5561-800x533.jpg 800w, https:\/\/slawa.pl\/wp-content\/uploads\/2026\/09\/DSC_5561.jpg 1200w\" sizes=\"(min-width: 2200px) 100vw, (min-width: 784px) 557px, (min-width: 712px) 784px, (min-width: 640px) 712px, \" \/><\/a><\/div><\/div><\/div><\/div><\/div><\/div><\/div><\/div>\n","protected":false},"excerpt":{"rendered":"","protected":false},"author":16,"featured_media":35445,"comment_status":"closed","ping_status":"closed","sticky":false,"template":"","format":"standard","meta":{"footnotes":""},"categories":[5,217,208,216,219],"tags":[],"class_list":["post-35443","post","type-post","status-publish","format-standard","has-post-thumbnail","hentry","category-aktualnosci","category-inwestycje","category-projekty-unijne","category-termomodernizacja-budynkow-szkoly-podstawowej-zespolu-szkol-ponadpodstawowych-oraz-sali-gimnastycznej-w-slawie-wraz-z-modernizacja-zrodel-ciepla","category-z-zycia-szkol"],"_links":{"self":[{"href":"https:\/\/slawa.pl\/mcn_json_endpoint\/wp\/v2\/posts\/35443","targetHints":{"allow":["GET"]}}],"collection":[{"href":"https:\/\/slawa.pl\/mcn_json_endpoint\/wp\/v2\/posts"}],"about":[{"href":"https:\/\/slawa.pl\/mcn_json_endpoint\/wp\/v2\/types\/post"}],"author":[{"embeddable":true,"href":"https:\/\/slawa.pl\/mcn_json_endpoint\/wp\/v2\/users\/16"}],"replies":[{"embeddable":true,"href":"https:\/\/slawa.pl\/mcn_json_endpoint\/wp\/v2\/comments?post=35443"}],"version-history":[{"count":2,"href":"https:\/\/slawa.pl\/mcn_json_endpoint\/wp\/v2\/posts\/35443\/revisions"}],"predecessor-version":[{"id":35477,"href":"https:\/\/slawa.pl\/mcn_json_endpoint\/wp\/v2\/posts\/35443\/revisions\/35477"}],"wp:featuredmedia":[{"embeddable":true,"href":"https:\/\/slawa.pl\/mcn_json_endpoint\/wp\/v2\/media\/35445"}],"wp:attachment":[{"href":"https:\/\/slawa.pl\/mcn_json_endpoint\/wp\/v2\/media?parent=35443"}],"wp:term":[{"taxonomy":"category","embeddable":true,"href":"https:\/\/slawa.pl\/mcn_json_endpoint\/wp\/v2\/categories?post=35443"},{"taxonomy":"post_tag","embeddable":true,"href":"https:\/\/slawa.pl\/mcn_json_endpoint\/wp\/v2\/tags?post=35443"}],"curies":[{"name":"wp","href":"https:\/\/api.w.org\/{rel}","templated":true}]}}