{"id":35430,"date":"2026-09-03T11:05:46","date_gmt":"2026-09-03T09:05:46","guid":{"rendered":"https:\/\/slawa.pl\/?p=35430"},"modified":"2026-09-03T10:37:39","modified_gmt":"2026-09-03T08:37:39","slug":"remont-w-przedszkolu-w-ciosancu","status":"publish","type":"post","link":"https:\/\/slawa.pl\/remont-w-przedszkolu-w-ciosancu\/","title":{"rendered":"Remont w Przedszkolu w Ciosa\u0144cu"},"content":{"rendered":"<div class=\"fusion-fullwidth fullwidth-box fusion-builder-row-1 fusion-flex-container has-pattern-background has-mask-background nonhundred-percent-fullwidth non-hundred-percent-height-scrolling\" style=\"--awb-border-radius-top-left:0px;--awb-border-radius-top-right:0px;--awb-border-radius-bottom-right:0px;--awb-border-radius-bottom-left:0px;--awb-flex-wrap:wrap;\" ><div class=\"fusion-builder-row fusion-row fusion-flex-align-items-flex-start fusion-flex-content-wrap\" style=\"max-width:1713.6px;margin-left: calc(-2% \/ 2 );margin-right: calc(-2% \/ 2 );\"><div class=\"fusion-layout-column fusion_builder_column fusion-builder-column-0 fusion_builder_column_1_2 1_2 fusion-flex-column\" style=\"--awb-bg-size:cover;--awb-width-large:50%;--awb-margin-top-large:0px;--awb-spacing-right-large:1.96%;--awb-margin-bottom-large:20px;--awb-spacing-left-large:1.96%;--awb-width-medium:50%;--awb-order-medium:0;--awb-spacing-right-medium:1.96%;--awb-spacing-left-medium:1.96%;--awb-width-small:100%;--awb-order-small:0;--awb-spacing-right-small:0.98%;--awb-spacing-left-small:0.98%;\"><div class=\"fusion-column-wrapper fusion-column-has-shadow fusion-flex-justify-content-flex-start fusion-content-layout-column\"><div class=\"fusion-text fusion-text-1\"><div class=\"xdj266r x14z9mp xat24cr x1lziwak x1vvkbs x126k92a\">\n<div dir=\"auto\">\n<p>Zako\u0144czy\u0142a si\u0119 realizacja zadania pn. \u201eRemont \u0142azienki w Przedszkolu w Ciosa\u0144cu\u201d. Odbi\u00f3r wykonanych prac odby\u0142 si\u0119 2 wrze\u015bnia 2026 r.<\/p>\n<\/div>\n<\/div>\n<div class=\"x14z9mp xat24cr x1lziwak x1vvkbs xtlvy1s x126k92a\">\n<div dir=\"auto\">\n<p>Zakres inwestycji obejmowa\u0142 kompleksowy remont pomieszczenia, w tym modernizacj\u0119 sanitariat\u00f3w, wymian\u0119 drzwi i grzejnika, monta\u017c kabin oraz umywalek, u\u0142o\u017cenie p\u0142ytek, malowanie, a tak\u017ce wykonanie posadzki epoksydowej.<\/p>\n<\/div>\n<\/div>\n<div class=\"x14z9mp xat24cr x1lziwak x1vvkbs xtlvy1s x126k92a\">\n<div dir=\"auto\">\n<p>Warto\u015b\u0107 zadania wynios\u0142a 51 000 z\u0142 brutto.<\/p>\n<\/div>\n<\/div>\n<div class=\"x14z9mp xat24cr x1lziwak x1vvkbs xtlvy1s x126k92a\">\n<div dir=\"auto\">\n<p>Umowa zosta\u0142a zawarta pomi\u0119dzy Szko\u0142\u0105 Podstawow\u0105 w Ciosa\u0144cu, reprezentowan\u0105 przez Dyrektor Beat\u0119 Dziduch, przy kontrasygnacie Skarbnik Gminy S\u0142awa Ma\u0142gorzaty Szymoniak, a firm\u0105 KORNIK Micha\u0142 Modrak.<\/p>\n<\/div>\n<\/div>\n<div class=\"x14z9mp xat24cr x1lziwak x1vvkbs xtlvy1s x126k92a\">\n<div dir=\"auto\">Przeprowadzone prace znacz\u0105co poprawi\u0142y standard i funkcjonalno\u015b\u0107 \u0142azienki, zapewniaj\u0105c dzieciom korzystaj\u0105cym z przedszkola komfortowe i bezpieczne warunki.<\/div>\n<\/div>\n<\/div><\/div><\/div><div class=\"fusion-layout-column fusion_builder_column fusion-builder-column-1 fusion_builder_column_1_2 1_2 fusion-flex-column\" style=\"--awb-bg-size:cover;--awb-width-large:50%;--awb-margin-top-large:0px;--awb-spacing-right-large:1.96%;--awb-margin-bottom-large:20px;--awb-spacing-left-large:1.96%;--awb-width-medium:50%;--awb-order-medium:0;--awb-spacing-right-medium:1.96%;--awb-spacing-left-medium:1.96%;--awb-width-small:100%;--awb-order-small:0;--awb-spacing-right-small:0.98%;--awb-spacing-left-small:0.98%;\"><div class=\"fusion-column-wrapper fusion-column-has-shadow fusion-flex-justify-content-flex-start fusion-content-layout-column\"><div class=\"awb-gallery-wrapper awb-gallery-wrapper-1 button-span-no\" style=\"--more-btn-alignment:center;\"><div style=\"margin:-5px;--awb-bordersize:0px;\" class=\"fusion-gallery fusion-gallery-container fusion-grid-3 fusion-columns-total-11 fusion-gallery-layout-grid fusion-gallery-1\"><div style=\"padding:5px;\" class=\"fusion-grid-column fusion-gallery-column fusion-gallery-column-3 hover-type-none\"><div class=\"fusion-gallery-image\"><a href=\"https:\/\/slawa.pl\/wp-content\/uploads\/2026\/09\/DSC_6447.jpg\" rel=\"noreferrer\" data-rel=\"iLightbox[gallery_image_1]\" class=\"fusion-lightbox\" target=\"_self\"><img decoding=\"async\" src=\"https:\/\/slawa.pl\/wp-content\/uploads\/2026\/09\/DSC_6447.jpg\" width=\"1200\" height=\"800\" alt=\"\u0141AZIENKA W PRZEDSZKOLU W CIOSA\u0143CU PO REMONCIE\" title=\"\u0141AZIENKA W PRZEDSZKOLU W CIOSA\u0143CU PO REMONCIE\" aria-label=\"\u0141AZIENKA W PRZEDSZKOLU W CIOSA\u0143CU PO REMONCIE\" class=\"img-responsive wp-image-35441\" srcset=\"https:\/\/slawa.pl\/wp-content\/uploads\/2026\/09\/DSC_6447-200x133.jpg 200w, https:\/\/slawa.pl\/wp-content\/uploads\/2026\/09\/DSC_6447-400x267.jpg 400w, https:\/\/slawa.pl\/wp-content\/uploads\/2026\/09\/DSC_6447-600x400.jpg 600w, https:\/\/slawa.pl\/wp-content\/uploads\/2026\/09\/DSC_6447-800x533.jpg 800w, https:\/\/slawa.pl\/wp-content\/uploads\/2026\/09\/DSC_6447.jpg 1200w\" sizes=\"(min-width: 2200px) 100vw, (min-width: 784px) 557px, (min-width: 712px) 784px, (min-width: 640px) 712px, \" \/><\/a><\/div><\/div><div style=\"padding:5px;\" class=\"fusion-grid-column fusion-gallery-column fusion-gallery-column-3 hover-type-none\"><div class=\"fusion-gallery-image\"><a href=\"https:\/\/slawa.pl\/wp-content\/uploads\/2026\/09\/DSC_6435.jpg\" rel=\"noreferrer\" data-rel=\"iLightbox[gallery_image_1]\" class=\"fusion-lightbox\" target=\"_self\"><img decoding=\"async\" src=\"https:\/\/slawa.pl\/wp-content\/uploads\/2026\/09\/DSC_6435.jpg\" width=\"1200\" height=\"800\" alt=\"\" title=\"\u0141AZIENKA W PRZEDSZKOLU W CIOSA\u0143CU PO REMONCIE\" aria-label=\"\u0141AZIENKA W PRZEDSZKOLU W CIOSA\u0143CU PO REMONCIE\" class=\"img-responsive wp-image-35431\" srcset=\"https:\/\/slawa.pl\/wp-content\/uploads\/2026\/09\/DSC_6435-200x133.jpg 200w, https:\/\/slawa.pl\/wp-content\/uploads\/2026\/09\/DSC_6435-400x267.jpg 400w, https:\/\/slawa.pl\/wp-content\/uploads\/2026\/09\/DSC_6435-600x400.jpg 600w, https:\/\/slawa.pl\/wp-content\/uploads\/2026\/09\/DSC_6435-800x533.jpg 800w, https:\/\/slawa.pl\/wp-content\/uploads\/2026\/09\/DSC_6435.jpg 1200w\" sizes=\"(min-width: 2200px) 100vw, (min-width: 784px) 557px, (min-width: 712px) 784px, (min-width: 640px) 712px, \" \/><\/a><\/div><\/div><div style=\"padding:5px;\" class=\"fusion-grid-column fusion-gallery-column fusion-gallery-column-3 hover-type-none\"><div class=\"fusion-gallery-image\"><a href=\"https:\/\/slawa.pl\/wp-content\/uploads\/2026\/09\/DSC_6436.jpg\" rel=\"noreferrer\" data-rel=\"iLightbox[gallery_image_1]\" class=\"fusion-lightbox\" target=\"_self\"><img decoding=\"async\" src=\"https:\/\/slawa.pl\/wp-content\/uploads\/2026\/09\/DSC_6436.jpg\" width=\"1200\" height=\"800\" alt=\"\u0141AZIENKA W PRZEDSZKOLU W CIOSA\u0143CU PO REMONCIE\" title=\"\u0141AZIENKA W PRZEDSZKOLU W CIOSA\u0143CU PO REMONCIE\" aria-label=\"\u0141AZIENKA W PRZEDSZKOLU W CIOSA\u0143CU PO REMONCIE\" class=\"img-responsive wp-image-35432\" srcset=\"https:\/\/slawa.pl\/wp-content\/uploads\/2026\/09\/DSC_6436-200x133.jpg 200w, https:\/\/slawa.pl\/wp-content\/uploads\/2026\/09\/DSC_6436-400x267.jpg 400w, https:\/\/slawa.pl\/wp-content\/uploads\/2026\/09\/DSC_6436-600x400.jpg 600w, https:\/\/slawa.pl\/wp-content\/uploads\/2026\/09\/DSC_6436-800x533.jpg 800w, https:\/\/slawa.pl\/wp-content\/uploads\/2026\/09\/DSC_6436.jpg 1200w\" sizes=\"(min-width: 2200px) 100vw, (min-width: 784px) 557px, (min-width: 712px) 784px, (min-width: 640px) 712px, \" \/><\/a><\/div><\/div><div class=\"clearfix\"><\/div><div style=\"padding:5px;\" class=\"fusion-grid-column fusion-gallery-column fusion-gallery-column-3 hover-type-none\"><div class=\"fusion-gallery-image\"><a href=\"https:\/\/slawa.pl\/wp-content\/uploads\/2026\/09\/DSC_6437.jpg\" rel=\"noreferrer\" data-rel=\"iLightbox[gallery_image_1]\" class=\"fusion-lightbox\" target=\"_self\"><img decoding=\"async\" src=\"https:\/\/slawa.pl\/wp-content\/uploads\/2026\/09\/DSC_6437.jpg\" width=\"1200\" height=\"800\" alt=\"\u0141AZIENKA W PRZEDSZKOLU W CIOSA\u0143CU PO REMONCIE\" title=\"\u0141AZIENKA W PRZEDSZKOLU W CIOSA\u0143CU PO REMONCIE\" aria-label=\"\u0141AZIENKA W PRZEDSZKOLU W CIOSA\u0143CU PO REMONCIE\" class=\"img-responsive wp-image-35433\" srcset=\"https:\/\/slawa.pl\/wp-content\/uploads\/2026\/09\/DSC_6437-200x133.jpg 200w, https:\/\/slawa.pl\/wp-content\/uploads\/2026\/09\/DSC_6437-400x267.jpg 400w, https:\/\/slawa.pl\/wp-content\/uploads\/2026\/09\/DSC_6437-600x400.jpg 600w, https:\/\/slawa.pl\/wp-content\/uploads\/2026\/09\/DSC_6437-800x533.jpg 800w, https:\/\/slawa.pl\/wp-content\/uploads\/2026\/09\/DSC_6437.jpg 1200w\" sizes=\"(min-width: 2200px) 100vw, (min-width: 784px) 557px, (min-width: 712px) 784px, (min-width: 640px) 712px, \" \/><\/a><\/div><\/div><div style=\"padding:5px;\" class=\"fusion-grid-column fusion-gallery-column fusion-gallery-column-3 hover-type-none\"><div class=\"fusion-gallery-image\"><a href=\"https:\/\/slawa.pl\/wp-content\/uploads\/2026\/09\/DSC_6438.jpg\" rel=\"noreferrer\" data-rel=\"iLightbox[gallery_image_1]\" class=\"fusion-lightbox\" target=\"_self\"><img decoding=\"async\" src=\"https:\/\/slawa.pl\/wp-content\/uploads\/2026\/09\/DSC_6438.jpg\" width=\"1200\" height=\"800\" alt=\"\u0141AZIENKA W PRZEDSZKOLU W CIOSA\u0143CU PO REMONCIE\" title=\"\u0141AZIENKA W PRZEDSZKOLU W CIOSA\u0143CU PO REMONCIE\" aria-label=\"\u0141AZIENKA W PRZEDSZKOLU W CIOSA\u0143CU PO REMONCIE\" class=\"img-responsive wp-image-35434\" srcset=\"https:\/\/slawa.pl\/wp-content\/uploads\/2026\/09\/DSC_6438-200x133.jpg 200w, https:\/\/slawa.pl\/wp-content\/uploads\/2026\/09\/DSC_6438-400x267.jpg 400w, https:\/\/slawa.pl\/wp-content\/uploads\/2026\/09\/DSC_6438-600x400.jpg 600w, https:\/\/slawa.pl\/wp-content\/uploads\/2026\/09\/DSC_6438-800x533.jpg 800w, https:\/\/slawa.pl\/wp-content\/uploads\/2026\/09\/DSC_6438.jpg 1200w\" sizes=\"(min-width: 2200px) 100vw, (min-width: 784px) 557px, (min-width: 712px) 784px, (min-width: 640px) 712px, \" \/><\/a><\/div><\/div><div style=\"padding:5px;\" class=\"fusion-grid-column fusion-gallery-column fusion-gallery-column-3 hover-type-none\"><div class=\"fusion-gallery-image\"><a href=\"https:\/\/slawa.pl\/wp-content\/uploads\/2026\/09\/DSC_6439.jpg\" rel=\"noreferrer\" data-rel=\"iLightbox[gallery_image_1]\" class=\"fusion-lightbox\" target=\"_self\"><img decoding=\"async\" src=\"https:\/\/slawa.pl\/wp-content\/uploads\/2026\/09\/DSC_6439.jpg\" width=\"1200\" height=\"800\" alt=\"\u0141AZIENKA W PRZEDSZKOLU W CIOSA\u0143CU PO REMONCIE\" title=\"\u0141AZIENKA W PRZEDSZKOLU W CIOSA\u0143CU PO REMONCIE\" aria-label=\"\u0141AZIENKA W PRZEDSZKOLU W CIOSA\u0143CU PO REMONCIE\" class=\"img-responsive wp-image-35435\" srcset=\"https:\/\/slawa.pl\/wp-content\/uploads\/2026\/09\/DSC_6439-200x133.jpg 200w, https:\/\/slawa.pl\/wp-content\/uploads\/2026\/09\/DSC_6439-400x267.jpg 400w, https:\/\/slawa.pl\/wp-content\/uploads\/2026\/09\/DSC_6439-600x400.jpg 600w, https:\/\/slawa.pl\/wp-content\/uploads\/2026\/09\/DSC_6439-800x533.jpg 800w, https:\/\/slawa.pl\/wp-content\/uploads\/2026\/09\/DSC_6439.jpg 1200w\" sizes=\"(min-width: 2200px) 100vw, (min-width: 784px) 557px, (min-width: 712px) 784px, (min-width: 640px) 712px, \" \/><\/a><\/div><\/div><div class=\"clearfix\"><\/div><div style=\"padding:5px;\" class=\"fusion-grid-column fusion-gallery-column fusion-gallery-column-3 hover-type-none\"><div class=\"fusion-gallery-image\"><a href=\"https:\/\/slawa.pl\/wp-content\/uploads\/2026\/09\/DSC_6443.jpg\" rel=\"noreferrer\" data-rel=\"iLightbox[gallery_image_1]\" class=\"fusion-lightbox\" target=\"_self\"><img decoding=\"async\" src=\"https:\/\/slawa.pl\/wp-content\/uploads\/2026\/09\/DSC_6443.jpg\" width=\"1200\" height=\"800\" alt=\"\u0141AZIENKA W PRZEDSZKOLU W CIOSA\u0143CU PO REMONCIE\" title=\"\u0141AZIENKA W PRZEDSZKOLU W CIOSA\u0143CU PO REMONCIE\" aria-label=\"\u0141AZIENKA W PRZEDSZKOLU W CIOSA\u0143CU PO REMONCIE\" class=\"img-responsive wp-image-35436\" srcset=\"https:\/\/slawa.pl\/wp-content\/uploads\/2026\/09\/DSC_6443-200x133.jpg 200w, https:\/\/slawa.pl\/wp-content\/uploads\/2026\/09\/DSC_6443-400x267.jpg 400w, https:\/\/slawa.pl\/wp-content\/uploads\/2026\/09\/DSC_6443-600x400.jpg 600w, https:\/\/slawa.pl\/wp-content\/uploads\/2026\/09\/DSC_6443-800x533.jpg 800w, https:\/\/slawa.pl\/wp-content\/uploads\/2026\/09\/DSC_6443.jpg 1200w\" sizes=\"(min-width: 2200px) 100vw, (min-width: 784px) 557px, (min-width: 712px) 784px, (min-width: 640px) 712px, \" \/><\/a><\/div><\/div><div style=\"padding:5px;\" class=\"fusion-grid-column fusion-gallery-column fusion-gallery-column-3 hover-type-none\"><div class=\"fusion-gallery-image\"><a href=\"https:\/\/slawa.pl\/wp-content\/uploads\/2026\/09\/DSC_6445.jpg\" rel=\"noreferrer\" data-rel=\"iLightbox[gallery_image_1]\" class=\"fusion-lightbox\" target=\"_self\"><img decoding=\"async\" src=\"https:\/\/slawa.pl\/wp-content\/uploads\/2026\/09\/DSC_6445.jpg\" width=\"1200\" height=\"800\" alt=\"\u0141AZIENKA W PRZEDSZKOLU W CIOSA\u0143CU PO REMONCIE\" title=\"\u0141AZIENKA W PRZEDSZKOLU W CIOSA\u0143CU PO REMONCIE\" aria-label=\"\u0141AZIENKA W PRZEDSZKOLU W CIOSA\u0143CU PO REMONCIE\" class=\"img-responsive wp-image-35437\" srcset=\"https:\/\/slawa.pl\/wp-content\/uploads\/2026\/09\/DSC_6445-200x133.jpg 200w, https:\/\/slawa.pl\/wp-content\/uploads\/2026\/09\/DSC_6445-400x267.jpg 400w, https:\/\/slawa.pl\/wp-content\/uploads\/2026\/09\/DSC_6445-600x400.jpg 600w, https:\/\/slawa.pl\/wp-content\/uploads\/2026\/09\/DSC_6445-800x533.jpg 800w, https:\/\/slawa.pl\/wp-content\/uploads\/2026\/09\/DSC_6445.jpg 1200w\" sizes=\"(min-width: 2200px) 100vw, (min-width: 784px) 557px, (min-width: 712px) 784px, (min-width: 640px) 712px, \" \/><\/a><\/div><\/div><div style=\"padding:5px;\" class=\"fusion-grid-column fusion-gallery-column fusion-gallery-column-3 hover-type-none\"><div class=\"fusion-gallery-image\"><a href=\"https:\/\/slawa.pl\/wp-content\/uploads\/2026\/09\/DSC_6449.jpg\" rel=\"noreferrer\" data-rel=\"iLightbox[gallery_image_1]\" class=\"fusion-lightbox\" target=\"_self\"><img decoding=\"async\" src=\"https:\/\/slawa.pl\/wp-content\/uploads\/2026\/09\/DSC_6449.jpg\" width=\"1200\" height=\"800\" alt=\"\u0141AZIENKA W PRZEDSZKOLU W CIOSA\u0143CU PO REMONCIE\" title=\"\u0141AZIENKA W PRZEDSZKOLU W CIOSA\u0143CU PO REMONCIE\" aria-label=\"\u0141AZIENKA W PRZEDSZKOLU W CIOSA\u0143CU PO REMONCIE\" class=\"img-responsive wp-image-35439\" srcset=\"https:\/\/slawa.pl\/wp-content\/uploads\/2026\/09\/DSC_6449-200x133.jpg 200w, https:\/\/slawa.pl\/wp-content\/uploads\/2026\/09\/DSC_6449-400x267.jpg 400w, https:\/\/slawa.pl\/wp-content\/uploads\/2026\/09\/DSC_6449-600x400.jpg 600w, https:\/\/slawa.pl\/wp-content\/uploads\/2026\/09\/DSC_6449-800x533.jpg 800w, https:\/\/slawa.pl\/wp-content\/uploads\/2026\/09\/DSC_6449.jpg 1200w\" sizes=\"(min-width: 2200px) 100vw, (min-width: 784px) 557px, (min-width: 712px) 784px, (min-width: 640px) 712px, \" \/><\/a><\/div><\/div><div class=\"clearfix\"><\/div><div style=\"padding:5px;\" class=\"fusion-grid-column fusion-gallery-column fusion-gallery-column-3 hover-type-none\"><div class=\"fusion-gallery-image\"><a href=\"https:\/\/slawa.pl\/wp-content\/uploads\/2026\/09\/DSC_6451.jpg\" rel=\"noreferrer\" data-rel=\"iLightbox[gallery_image_1]\" class=\"fusion-lightbox\" target=\"_self\"><img decoding=\"async\" src=\"https:\/\/slawa.pl\/wp-content\/uploads\/2026\/09\/DSC_6451.jpg\" width=\"1200\" height=\"800\" alt=\"\u0141AZIENKA W PRZEDSZKOLU W CIOSA\u0143CU PO REMONCIE\" title=\"\u0141AZIENKA W PRZEDSZKOLU W CIOSA\u0143CU PO REMONCIE\" aria-label=\"\u0141AZIENKA W PRZEDSZKOLU W CIOSA\u0143CU PO REMONCIE\" class=\"img-responsive wp-image-35440\" srcset=\"https:\/\/slawa.pl\/wp-content\/uploads\/2026\/09\/DSC_6451-200x133.jpg 200w, https:\/\/slawa.pl\/wp-content\/uploads\/2026\/09\/DSC_6451-400x267.jpg 400w, https:\/\/slawa.pl\/wp-content\/uploads\/2026\/09\/DSC_6451-600x400.jpg 600w, https:\/\/slawa.pl\/wp-content\/uploads\/2026\/09\/DSC_6451-800x533.jpg 800w, https:\/\/slawa.pl\/wp-content\/uploads\/2026\/09\/DSC_6451.jpg 1200w\" sizes=\"(min-width: 2200px) 100vw, (min-width: 784px) 557px, (min-width: 712px) 784px, (min-width: 640px) 712px, \" \/><\/a><\/div><\/div><div style=\"padding:5px;\" class=\"fusion-grid-column fusion-gallery-column fusion-gallery-column-3 hover-type-none\"><div class=\"fusion-gallery-image\"><a href=\"https:\/\/slawa.pl\/wp-content\/uploads\/2026\/09\/DSC_6447.jpg\" rel=\"noreferrer\" data-rel=\"iLightbox[gallery_image_1]\" class=\"fusion-lightbox\" target=\"_self\"><img decoding=\"async\" src=\"https:\/\/slawa.pl\/wp-content\/uploads\/2026\/09\/DSC_6447.jpg\" width=\"1200\" height=\"800\" alt=\"\u0141AZIENKA W PRZEDSZKOLU W CIOSA\u0143CU PO REMONCIE\" title=\"\u0141AZIENKA W PRZEDSZKOLU W CIOSA\u0143CU PO REMONCIE\" aria-label=\"\u0141AZIENKA W PRZEDSZKOLU W CIOSA\u0143CU PO REMONCIE\" class=\"img-responsive wp-image-35441\" srcset=\"https:\/\/slawa.pl\/wp-content\/uploads\/2026\/09\/DSC_6447-200x133.jpg 200w, https:\/\/slawa.pl\/wp-content\/uploads\/2026\/09\/DSC_6447-400x267.jpg 400w, https:\/\/slawa.pl\/wp-content\/uploads\/2026\/09\/DSC_6447-600x400.jpg 600w, https:\/\/slawa.pl\/wp-content\/uploads\/2026\/09\/DSC_6447-800x533.jpg 800w, https:\/\/slawa.pl\/wp-content\/uploads\/2026\/09\/DSC_6447.jpg 1200w\" sizes=\"(min-width: 2200px) 100vw, (min-width: 784px) 557px, (min-width: 712px) 784px, (min-width: 640px) 712px, \" \/><\/a><\/div><\/div><\/div><\/div><\/div><\/div><\/div><\/div>\n","protected":false},"excerpt":{"rendered":"","protected":false},"author":16,"featured_media":35436,"comment_status":"closed","ping_status":"closed","sticky":false,"template":"","format":"standard","meta":{"footnotes":""},"categories":[5,217,219],"tags":[],"class_list":["post-35430","post","type-post","status-publish","format-standard","has-post-thumbnail","hentry","category-aktualnosci","category-inwestycje","category-z-zycia-szkol"],"_links":{"self":[{"href":"https:\/\/slawa.pl\/mcn_json_endpoint\/wp\/v2\/posts\/35430","targetHints":{"allow":["GET"]}}],"collection":[{"href":"https:\/\/slawa.pl\/mcn_json_endpoint\/wp\/v2\/posts"}],"about":[{"href":"https:\/\/slawa.pl\/mcn_json_endpoint\/wp\/v2\/types\/post"}],"author":[{"embeddable":true,"href":"https:\/\/slawa.pl\/mcn_json_endpoint\/wp\/v2\/users\/16"}],"replies":[{"embeddable":true,"href":"https:\/\/slawa.pl\/mcn_json_endpoint\/wp\/v2\/comments?post=35430"}],"version-history":[{"count":1,"href":"https:\/\/slawa.pl\/mcn_json_endpoint\/wp\/v2\/posts\/35430\/revisions"}],"predecessor-version":[{"id":35442,"href":"https:\/\/slawa.pl\/mcn_json_endpoint\/wp\/v2\/posts\/35430\/revisions\/35442"}],"wp:featuredmedia":[{"embeddable":true,"href":"https:\/\/slawa.pl\/mcn_json_endpoint\/wp\/v2\/media\/35436"}],"wp:attachment":[{"href":"https:\/\/slawa.pl\/mcn_json_endpoint\/wp\/v2\/media?parent=35430"}],"wp:term":[{"taxonomy":"category","embeddable":true,"href":"https:\/\/slawa.pl\/mcn_json_endpoint\/wp\/v2\/categories?post=35430"},{"taxonomy":"post_tag","embeddable":true,"href":"https:\/\/slawa.pl\/mcn_json_endpoint\/wp\/v2\/tags?post=35430"}],"curies":[{"name":"wp","href":"https:\/\/api.w.org\/{rel}","templated":true}]}}