{"id":35379,"date":"2026-09-02T12:00:06","date_gmt":"2026-09-02T10:00:06","guid":{"rendered":"https:\/\/slawa.pl\/?p=35379"},"modified":"2026-09-02T14:09:30","modified_gmt":"2026-09-02T12:09:30","slug":"o-aed-w-gminie-slawa","status":"publish","type":"post","link":"https:\/\/slawa.pl\/o-aed-w-gminie-slawa\/","title":{"rendered":"O AED w Gminie S\u0142awa"},"content":{"rendered":"<div class=\"fusion-fullwidth fullwidth-box fusion-builder-row-1 fusion-flex-container has-pattern-background has-mask-background nonhundred-percent-fullwidth non-hundred-percent-height-scrolling\" style=\"--awb-border-radius-top-left:0px;--awb-border-radius-top-right:0px;--awb-border-radius-bottom-right:0px;--awb-border-radius-bottom-left:0px;--awb-flex-wrap:wrap;\" ><div class=\"fusion-builder-row fusion-row fusion-flex-align-items-flex-start fusion-flex-content-wrap\" style=\"max-width:1713.6px;margin-left: calc(-2% \/ 2 );margin-right: calc(-2% \/ 2 );\"><div class=\"fusion-layout-column fusion_builder_column fusion-builder-column-0 fusion_builder_column_1_2 1_2 fusion-flex-column\" style=\"--awb-bg-size:cover;--awb-width-large:50%;--awb-margin-top-large:0px;--awb-spacing-right-large:1.96%;--awb-margin-bottom-large:20px;--awb-spacing-left-large:1.96%;--awb-width-medium:50%;--awb-order-medium:0;--awb-spacing-right-medium:1.96%;--awb-spacing-left-medium:1.96%;--awb-width-small:100%;--awb-order-small:0;--awb-spacing-right-small:0.98%;--awb-spacing-left-small:0.98%;\"><div class=\"fusion-column-wrapper fusion-column-has-shadow fusion-flex-justify-content-flex-start fusion-content-layout-column\"><div class=\"fusion-text fusion-text-1\"><div class=\"\" data-block=\"true\" data-editor=\"dreo\" data-offset-key=\"iokv-0-0\">\n<div class=\"_1mf _1mj\" data-offset-key=\"iokv-0-0\">\n<p>AED (automatyczny defibrylator zewn\u0119trzny) to urz\u0105dzenie przeznaczone do stosowania w przypadku nag\u0142ego zatrzymania kr\u0105\u017cenia. Analizuje rytm serca i, je\u015bli zachodzi taka potrzeba, pomaga przeprowadzi\u0107 defibrylacj\u0119.<\/p>\n<p>Zosta\u0142o zaprojektowane w taki spos\u00f3b, aby mog\u0142a z niego bezpiecznie skorzysta\u0107 r\u00f3wnie\u017c osoba bez wykszta\u0142cenia medycznego. Po uruchomieniu AED przekazuje jasne polecenia g\u0142osowe i\/lub wizualne, kt\u00f3rych nale\u017cy dok\u0142adnie przestrzega\u0107.<\/p>\n<p>Na terenie naszej gminy dost\u0119pnych jest a\u017c 13 defibrylator\u00f3w AED. Poni\u017cej znajduje si\u0119 ich lista wraz z adresami oraz informacj\u0105 o dost\u0119pno\u015bci.<\/p>\n<p>&#8211; Stare Str\u0105cze, Remiza OSP 191 A, dost\u0119pne ca\u0142odobowo dla wszystkich, na zewn\u0105trz budynku.<\/p>\n<\/div>\n<\/div>\n<div class=\"\" data-block=\"true\" data-editor=\"dreo\" data-offset-key=\"5qdlf-0-0\">\n<div class=\"_1mf _1mj\" data-offset-key=\"5qdlf-0-0\"><span data-offset-key=\"5qdlf-0-0\">&#8211; \u015amieszkowo, Remiza OSP 61, dost\u0119pne ca\u0142odobowo dla wszystkich, na zewn\u0105trz budynku.<\/span><\/div>\n<\/div>\n<div class=\"\" data-block=\"true\" data-editor=\"dreo\" data-offset-key=\"4fjj7-0-0\">\n<div class=\"_1mf _1mj\" data-offset-key=\"4fjj7-0-0\"><span data-offset-key=\"4fjj7-0-0\">&#8211; Ciosaniec, Dom Kultury 19, dost\u0119pne ca\u0142odobowo dla wszystkich, na zewn\u0105trz budynku.<\/span><\/div>\n<\/div>\n<div class=\"\" data-block=\"true\" data-editor=\"dreo\" data-offset-key=\"5ov0d-0-0\">\n<div class=\"_1mf _1mj\" data-offset-key=\"5ov0d-0-0\"><span data-offset-key=\"5ov0d-0-0\">&#8211; Krzepiel\u00f3w, Remiza OSP 44, wykorzystywane przez stra\u017cak\u00f3w OSP podczas akcji ratunkowych.<\/span><\/div>\n<\/div>\n<div class=\"\" data-block=\"true\" data-editor=\"dreo\" data-offset-key=\"7qlds-0-0\">\n<div class=\"_1mf _1mj\" data-offset-key=\"7qlds-0-0\"><span data-offset-key=\"7qlds-0-0\">&#8211; S\u0142awa, Remiza OSP ul. Odrodzonego Wojska Polskiego 10, wykorzystywane przez stra\u017cak\u00f3w OSP podczas akcji ratunkowych.<\/span><\/div>\n<\/div>\n<div class=\"\" data-block=\"true\" data-editor=\"dreo\" data-offset-key=\"a6kto-0-0\">\n<div class=\"_1mf _1mj\" data-offset-key=\"a6kto-0-0\"><span data-offset-key=\"a6kto-0-0\">&#8211; Siedziba Wodnego Ochotniczego Pogotowia Ratunkowego &#8211; Oddzia\u0142 S\u0142awa ul. Odrodzonego Wojska Polskiego 19, wykorzystywane przez ratownik\u00f3w WOPR w szczeg\u00f3lno\u015bci podczas sezonu letniego.<\/span><\/div>\n<\/div>\n<div class=\"\" data-block=\"true\" data-editor=\"dreo\" data-offset-key=\"7q40q-0-0\">\n<div class=\"_1mf _1mj\" data-offset-key=\"7q40q-0-0\"><span data-offset-key=\"7q40q-0-0\">&#8211; S\u0142awa, Siedziba Ratownictwa Wodnego ul. Odrodzonego Wojska Polskiego 23, wykorzystywane przez ratownik\u00f3w RWS w szczeg\u00f3lno\u015bci podczas sezonu letniego.<\/span><\/div>\n<\/div>\n<div class=\"\" data-block=\"true\" data-editor=\"dreo\" data-offset-key=\"d7gq2-0-0\">\n<div class=\"_1mf _1mj\" data-offset-key=\"d7gq2-0-0\"><span data-offset-key=\"d7gq2-0-0\">&#8211; S\u0142awa, Urz\u0105d Miejski ul. Henryka Pobo\u017cnego 10, dost\u0119pny w godzinach pracy urz\u0119du\/Stra\u017cy Miejskiej dla wszystkich (poniedzia\u0142ek 7:30 \u2013 18:00, wtorek \u2013 pi\u0105tek 7:30 &#8211; 14:30), po tym czasie urz\u0105dzenie znajduje si\u0119 na wyposa\u017ceniu Stra\u017cy Miejskiej w czasie godzin ich pracy.<\/span><\/div>\n<\/div>\n<div class=\"\" data-block=\"true\" data-editor=\"dreo\" data-offset-key=\"3epjd-0-0\">\n<div class=\"_1mf _1mj\" data-offset-key=\"3epjd-0-0\"><span data-offset-key=\"3epjd-0-0\">&#8211; S\u0142awa, Sklep Biedronka ul. Odrodzonego Wojska Polskiego 5, dost\u0119pny dla wszystkich w godzinach pracy sklepu (poniedzia\u0142ek &#8211; sobota 6:00 &#8211; 22:30).<\/span><\/div>\n<\/div>\n<div class=\"\" data-block=\"true\" data-editor=\"dreo\" data-offset-key=\"60t4i-0-0\">\n<div class=\"_1mf _1mj\" data-offset-key=\"60t4i-0-0\"><span data-offset-key=\"60t4i-0-0\">&#8211; S\u0142awa, Kino \u017beglarz\/ Dom Kultury ul. Henryka Pobo\u017cnego 6 &#8211; dost\u0119pne dla wszystkich w godzinach pracy Domu Kultury (poniedzia\u0142ek &#8211; pi\u0105tek 7:00 &#8211; 15:00) oraz podczas wydarze\u0144 organizowanych na terenie obiektu.<\/span><\/div>\n<\/div>\n<div class=\"\" data-block=\"true\" data-editor=\"dreo\" data-offset-key=\"6434l-0-0\">\n<div class=\"_1mf _1mj\" data-offset-key=\"6434l-0-0\"><span data-offset-key=\"6434l-0-0\">&#8211; S\u0142awa, Ko\u015bci\u00f3\u0142 Rzymskokatolicki pw. Mi\u0142osierdzia Bo\u017cego na starym rynku, dost\u0119pne ca\u0142odobowo dla wszystkich<\/span><\/div>\n<\/div>\n<div class=\"\" data-block=\"true\" data-editor=\"dreo\" data-offset-key=\"d00ns-0-0\">\n<div class=\"_1mf _1mj\" data-offset-key=\"d00ns-0-0\"><span data-offset-key=\"d00ns-0-0\">&#8211; S\u0142awa, recepcja SCKiW Odrodzonego Wojska Polskiego 19, dost\u0119pny ca\u0142odobowo dla wszystkich.<\/span><\/div>\n<\/div>\n<div class=\"\" data-block=\"true\" data-editor=\"dreo\" data-offset-key=\"69od-0-0\">\n<div class=\"_1mf _1mj\" data-offset-key=\"69od-0-0\">\n<p><span data-offset-key=\"69od-0-0\">&#8211; S\u0142awa, hangar Lubuskiego Klubu \u017beglarskiego, Odrodzonego Wojska Polskiego 23, 67- 410 S\u0142awa &#8211; dost\u0119pny dla wszystkich.<\/span><\/p>\n<p>Aby szybko znale\u017a\u0107 defibrylator, nale\u017cy szuka\u0107 zielonego znaku z bia\u0142ym sercem i b\u0142yskawic\u0105, cz\u0119sto oznaczonego napisem \u201eAED\u201d. Lokalizacj\u0119 najbli\u017cszego urz\u0105dzenia mo\u017cna r\u00f3wnie\u017c sprawdzi\u0107 w telefonie, korzystaj\u0105c z aplikacji i internetowych map AED. W\u015br\u00f3d nich znajduj\u0105 si\u0119 m.in. RATOWNIK, Reanimator, Reanimator Community oraz Pierwszy Ratownik (1R), kt\u00f3re umo\u017cliwiaj\u0105 wyszukiwanie AED, wyznaczanie trasy, a tak\u017ce korzystanie z instrukcji pierwszej pomocy. Dost\u0119pnych jest r\u00f3wnie\u017c wiele innych narz\u0119dzi pomagaj\u0105cych zlokalizowa\u0107 defibrylator<\/p>\n<p>Na naszej stronie internetowej mo\u017cna znale\u017a\u0107 szczeg\u00f3\u0142owe informacje dotycz\u0105ce AED w gminie. Link do strony: <a class=\"x1fey0fg xmper1u x1edh9d7\" href=\"https:\/\/slawa.pl\/aed-w-gminie-slawa\/\">https:\/\/slawa.pl\/aed-w-gminie-slawa\/<\/a><\/p>\n<\/div>\n<\/div>\n<div class=\"\" data-block=\"true\" data-editor=\"dreo\" data-offset-key=\"c5376-0-0\"><\/div>\n<\/div><\/div><\/div><div class=\"fusion-layout-column fusion_builder_column fusion-builder-column-1 fusion_builder_column_1_2 1_2 fusion-flex-column\" style=\"--awb-bg-size:cover;--awb-width-large:50%;--awb-margin-top-large:0px;--awb-spacing-right-large:1.96%;--awb-margin-bottom-large:20px;--awb-spacing-left-large:1.96%;--awb-width-medium:50%;--awb-order-medium:0;--awb-spacing-right-medium:1.96%;--awb-spacing-left-medium:1.96%;--awb-width-small:100%;--awb-order-small:0;--awb-spacing-right-small:0.98%;--awb-spacing-left-small:0.98%;\"><div class=\"fusion-column-wrapper fusion-column-has-shadow fusion-flex-justify-content-flex-start fusion-content-layout-column\"><div class=\"awb-gallery-wrapper awb-gallery-wrapper-1 button-span-no\" style=\"--more-btn-alignment:center;\"><div style=\"margin:-5px;--awb-bordersize:0px;\" class=\"fusion-gallery fusion-gallery-container fusion-grid-3 fusion-columns-total-1 fusion-gallery-layout-grid fusion-gallery-1\"><div style=\"padding:5px;\" class=\"fusion-grid-column fusion-gallery-column fusion-gallery-column-3 hover-type-none\"><div class=\"fusion-gallery-image\"><a href=\"https:\/\/slawa.pl\/wp-content\/uploads\/2026\/09\/MAPA-AED-W-NASZEJ-GMINIE-15.png\" rel=\"noreferrer\" data-rel=\"iLightbox[gallery_image_1]\" class=\"fusion-lightbox\" target=\"_self\"><img decoding=\"async\" src=\"https:\/\/slawa.pl\/wp-content\/uploads\/2026\/09\/MAPA-AED-W-NASZEJ-GMINIE-15.png\" width=\"848\" height=\"1200\" alt=\"Mapa z punktami AED w naszej gminie\" title=\"MAPA AED W NASZEJ GMINIE (15)\" aria-label=\"MAPA AED W NASZEJ GMINIE (15)\" class=\"img-responsive wp-image-35380\" srcset=\"https:\/\/slawa.pl\/wp-content\/uploads\/2026\/09\/MAPA-AED-W-NASZEJ-GMINIE-15-200x283.png 200w, https:\/\/slawa.pl\/wp-content\/uploads\/2026\/09\/MAPA-AED-W-NASZEJ-GMINIE-15-400x566.png 400w, https:\/\/slawa.pl\/wp-content\/uploads\/2026\/09\/MAPA-AED-W-NASZEJ-GMINIE-15-600x849.png 600w, https:\/\/slawa.pl\/wp-content\/uploads\/2026\/09\/MAPA-AED-W-NASZEJ-GMINIE-15-800x1132.png 800w, https:\/\/slawa.pl\/wp-content\/uploads\/2026\/09\/MAPA-AED-W-NASZEJ-GMINIE-15.png 848w\" sizes=\"(min-width: 2200px) 100vw, (min-width: 784px) 557px, (min-width: 712px) 784px, (min-width: 640px) 712px, \" \/><\/a><\/div><\/div><\/div><\/div><\/div><\/div><\/div><\/div>\n","protected":false},"excerpt":{"rendered":"","protected":false},"author":15,"featured_media":35382,"comment_status":"closed","ping_status":"closed","sticky":false,"template":"","format":"standard","meta":{"footnotes":""},"categories":[5,176],"tags":[],"class_list":["post-35379","post","type-post","status-publish","format-standard","has-post-thumbnail","hentry","category-aktualnosci","category-newsbox"],"_links":{"self":[{"href":"https:\/\/slawa.pl\/mcn_json_endpoint\/wp\/v2\/posts\/35379","targetHints":{"allow":["GET"]}}],"collection":[{"href":"https:\/\/slawa.pl\/mcn_json_endpoint\/wp\/v2\/posts"}],"about":[{"href":"https:\/\/slawa.pl\/mcn_json_endpoint\/wp\/v2\/types\/post"}],"author":[{"embeddable":true,"href":"https:\/\/slawa.pl\/mcn_json_endpoint\/wp\/v2\/users\/15"}],"replies":[{"embeddable":true,"href":"https:\/\/slawa.pl\/mcn_json_endpoint\/wp\/v2\/comments?post=35379"}],"version-history":[{"count":3,"href":"https:\/\/slawa.pl\/mcn_json_endpoint\/wp\/v2\/posts\/35379\/revisions"}],"predecessor-version":[{"id":35429,"href":"https:\/\/slawa.pl\/mcn_json_endpoint\/wp\/v2\/posts\/35379\/revisions\/35429"}],"wp:featuredmedia":[{"embeddable":true,"href":"https:\/\/slawa.pl\/mcn_json_endpoint\/wp\/v2\/media\/35382"}],"wp:attachment":[{"href":"https:\/\/slawa.pl\/mcn_json_endpoint\/wp\/v2\/media?parent=35379"}],"wp:term":[{"taxonomy":"category","embeddable":true,"href":"https:\/\/slawa.pl\/mcn_json_endpoint\/wp\/v2\/categories?post=35379"},{"taxonomy":"post_tag","embeddable":true,"href":"https:\/\/slawa.pl\/mcn_json_endpoint\/wp\/v2\/tags?post=35379"}],"curies":[{"name":"wp","href":"https:\/\/api.w.org\/{rel}","templated":true}]}}