{"id":35153,"date":"2026-09-01T13:30:40","date_gmt":"2026-09-01T11:30:40","guid":{"rendered":"https:\/\/slawa.pl\/?p=35153"},"modified":"2026-09-01T12:23:04","modified_gmt":"2026-09-01T10:23:04","slug":"koniec-wakacji-czas-do-szkoly","status":"publish","type":"post","link":"https:\/\/slawa.pl\/koniec-wakacji-czas-do-szkoly\/","title":{"rendered":"Koniec wakacji, czas do szko\u0142y\u00a0"},"content":{"rendered":"<div class=\"fusion-fullwidth fullwidth-box fusion-builder-row-1 fusion-flex-container has-pattern-background has-mask-background nonhundred-percent-fullwidth non-hundred-percent-height-scrolling\" style=\"--awb-border-radius-top-left:0px;--awb-border-radius-top-right:0px;--awb-border-radius-bottom-right:0px;--awb-border-radius-bottom-left:0px;--awb-flex-wrap:wrap;\" ><div class=\"fusion-builder-row fusion-row fusion-flex-align-items-flex-start fusion-flex-content-wrap\" style=\"max-width:1713.6px;margin-left: calc(-2% \/ 2 );margin-right: calc(-2% \/ 2 );\"><div class=\"fusion-layout-column fusion_builder_column fusion-builder-column-0 fusion_builder_column_1_2 1_2 fusion-flex-column\" style=\"--awb-bg-size:cover;--awb-width-large:50%;--awb-margin-top-large:0px;--awb-spacing-right-large:1.96%;--awb-margin-bottom-large:20px;--awb-spacing-left-large:1.96%;--awb-width-medium:50%;--awb-order-medium:0;--awb-spacing-right-medium:1.96%;--awb-spacing-left-medium:1.96%;--awb-width-small:100%;--awb-order-small:0;--awb-spacing-right-small:0.98%;--awb-spacing-left-small:0.98%;\"><div class=\"fusion-column-wrapper fusion-column-has-shadow fusion-flex-justify-content-flex-start fusion-content-layout-column\"><div class=\"fusion-text fusion-text-1\"><p><span style=\"font-weight: 400;\">1 wrze\u015bnia w ca\u0142ej Polsce odbywaj\u0105 si\u0119 rozpocz\u0119cia roku szkolnego 2026\/2027. Nie inaczej by\u0142o r\u00f3wnie\u017c w naszym mie\u015bcie, a dok\u0142adnie w Zesp\u00f3\u0142 Szk\u00f3\u0142 Ponadpodstawowych w S\u0142awie.<\/span><\/p>\n<p><span style=\"font-weight: 400;\">Na pocz\u0105tku uroczysto\u015bci poczet wprowadzi\u0142 sztandar szko\u0142y, po czym odegrany zosta\u0142 Mazurek D\u0105browskiego. Nast\u0119pnie g\u0142os zabra\u0142 Dyrektor Szko\u0142y Marcin W\u00f3jtowicz, kt\u00f3ry powita\u0142 zaproszonych go\u015bci, kadr\u0119 pedagogiczn\u0105 oraz uczni\u00f3w.\u00a0<\/span><\/p>\n<p><span style=\"font-weight: 400;\">Tradycyjnie pierwszoklasi\u015bci z\u0142o\u017cyli \u015blubowanie i przedstawiona zosta\u0142a kadra pedagogiczna, kt\u00f3ra powi\u0119kszy\u0142a si\u0119 o nowe osoby. Przy okazji inauguracji uczniowie klas mundurowych otrzymali awanse. Po cz\u0119\u015bci oficjalnej uczniowie wraz z wychowawcami przeszli do klas, by wsp\u00f3lnie om\u00f3wi\u0107 kwestie organizacyjne.<\/span><span style=\"font-weight: 400;\">\u00a0<\/span><\/p>\n<\/div><\/div><\/div><div class=\"fusion-layout-column fusion_builder_column fusion-builder-column-1 fusion_builder_column_1_2 1_2 fusion-flex-column\" style=\"--awb-bg-size:cover;--awb-width-large:50%;--awb-margin-top-large:0px;--awb-spacing-right-large:1.96%;--awb-margin-bottom-large:20px;--awb-spacing-left-large:1.96%;--awb-width-medium:50%;--awb-order-medium:0;--awb-spacing-right-medium:1.96%;--awb-spacing-left-medium:1.96%;--awb-width-small:100%;--awb-order-small:0;--awb-spacing-right-small:0.98%;--awb-spacing-left-small:0.98%;\"><div class=\"fusion-column-wrapper fusion-column-has-shadow fusion-flex-justify-content-flex-start fusion-content-layout-column\"><div class=\"awb-gallery-wrapper awb-gallery-wrapper-1 button-span-no\" style=\"--more-btn-alignment:center;\"><div style=\"margin:-5px;--awb-bordersize:0px;\" class=\"fusion-gallery fusion-gallery-container fusion-grid-3 fusion-columns-total-45 fusion-gallery-layout-grid fusion-gallery-1\"><div style=\"padding:5px;\" class=\"fusion-grid-column fusion-gallery-column fusion-gallery-column-3 hover-type-none\"><div class=\"fusion-gallery-image\"><a href=\"https:\/\/slawa.pl\/wp-content\/uploads\/2026\/09\/DSC_5388.jpg\" rel=\"noreferrer\" data-rel=\"iLightbox[gallery_image_1]\" class=\"fusion-lightbox\" target=\"_self\"><img decoding=\"async\" src=\"https:\/\/slawa.pl\/wp-content\/uploads\/2026\/09\/DSC_5388.jpg\" width=\"1200\" height=\"800\" alt=\"Rozpocz\u0119cie roku szkolnego 2026\/2027 w ZSP S\u0142awa\" title=\"DSC_5388\" aria-label=\"DSC_5388\" class=\"img-responsive wp-image-35154\" srcset=\"https:\/\/slawa.pl\/wp-content\/uploads\/2026\/09\/DSC_5388-200x133.jpg 200w, https:\/\/slawa.pl\/wp-content\/uploads\/2026\/09\/DSC_5388-400x267.jpg 400w, https:\/\/slawa.pl\/wp-content\/uploads\/2026\/09\/DSC_5388-600x400.jpg 600w, https:\/\/slawa.pl\/wp-content\/uploads\/2026\/09\/DSC_5388-800x533.jpg 800w, https:\/\/slawa.pl\/wp-content\/uploads\/2026\/09\/DSC_5388.jpg 1200w\" sizes=\"(min-width: 2200px) 100vw, (min-width: 784px) 557px, (min-width: 712px) 784px, (min-width: 640px) 712px, \" \/><\/a><\/div><\/div><div style=\"padding:5px;\" class=\"fusion-grid-column fusion-gallery-column fusion-gallery-column-3 hover-type-none\"><div class=\"fusion-gallery-image\"><a href=\"https:\/\/slawa.pl\/wp-content\/uploads\/2026\/09\/DSC_5390.jpg\" rel=\"noreferrer\" data-rel=\"iLightbox[gallery_image_1]\" class=\"fusion-lightbox\" target=\"_self\"><img decoding=\"async\" src=\"https:\/\/slawa.pl\/wp-content\/uploads\/2026\/09\/DSC_5390.jpg\" width=\"1200\" height=\"800\" alt=\"Rozpocz\u0119cie roku szkolnego 2026\/2027 w ZSP S\u0142awa\" title=\"DSC_5390\" aria-label=\"DSC_5390\" class=\"img-responsive wp-image-35155\" srcset=\"https:\/\/slawa.pl\/wp-content\/uploads\/2026\/09\/DSC_5390-200x133.jpg 200w, https:\/\/slawa.pl\/wp-content\/uploads\/2026\/09\/DSC_5390-400x267.jpg 400w, https:\/\/slawa.pl\/wp-content\/uploads\/2026\/09\/DSC_5390-600x400.jpg 600w, https:\/\/slawa.pl\/wp-content\/uploads\/2026\/09\/DSC_5390-800x533.jpg 800w, https:\/\/slawa.pl\/wp-content\/uploads\/2026\/09\/DSC_5390.jpg 1200w\" sizes=\"(min-width: 2200px) 100vw, (min-width: 784px) 557px, (min-width: 712px) 784px, (min-width: 640px) 712px, \" \/><\/a><\/div><\/div><div style=\"padding:5px;\" class=\"fusion-grid-column fusion-gallery-column fusion-gallery-column-3 hover-type-none\"><div class=\"fusion-gallery-image\"><a href=\"https:\/\/slawa.pl\/wp-content\/uploads\/2026\/09\/DSC_5399.jpg\" rel=\"noreferrer\" data-rel=\"iLightbox[gallery_image_1]\" class=\"fusion-lightbox\" target=\"_self\"><img decoding=\"async\" src=\"https:\/\/slawa.pl\/wp-content\/uploads\/2026\/09\/DSC_5399.jpg\" width=\"1200\" height=\"800\" alt=\"Rozpocz\u0119cie roku szkolnego 2026\/2027 w ZSP S\u0142awa\" title=\"DSC_5399\" aria-label=\"DSC_5399\" class=\"img-responsive wp-image-35156\" srcset=\"https:\/\/slawa.pl\/wp-content\/uploads\/2026\/09\/DSC_5399-200x133.jpg 200w, https:\/\/slawa.pl\/wp-content\/uploads\/2026\/09\/DSC_5399-400x267.jpg 400w, https:\/\/slawa.pl\/wp-content\/uploads\/2026\/09\/DSC_5399-600x400.jpg 600w, https:\/\/slawa.pl\/wp-content\/uploads\/2026\/09\/DSC_5399-800x533.jpg 800w, https:\/\/slawa.pl\/wp-content\/uploads\/2026\/09\/DSC_5399.jpg 1200w\" sizes=\"(min-width: 2200px) 100vw, (min-width: 784px) 557px, (min-width: 712px) 784px, (min-width: 640px) 712px, \" \/><\/a><\/div><\/div><div class=\"clearfix\"><\/div><div style=\"padding:5px;\" class=\"fusion-grid-column fusion-gallery-column fusion-gallery-column-3 hover-type-none\"><div class=\"fusion-gallery-image\"><a href=\"https:\/\/slawa.pl\/wp-content\/uploads\/2026\/09\/DSC_5404.jpg\" rel=\"noreferrer\" data-rel=\"iLightbox[gallery_image_1]\" class=\"fusion-lightbox\" target=\"_self\"><img decoding=\"async\" src=\"https:\/\/slawa.pl\/wp-content\/uploads\/2026\/09\/DSC_5404.jpg\" width=\"1200\" height=\"813\" alt=\"Rozpocz\u0119cie roku szkolnego 2026\/2027 w ZSP S\u0142awa\" title=\"DSC_5404\" aria-label=\"DSC_5404\" class=\"img-responsive wp-image-35157\" srcset=\"https:\/\/slawa.pl\/wp-content\/uploads\/2026\/09\/DSC_5404-200x136.jpg 200w, https:\/\/slawa.pl\/wp-content\/uploads\/2026\/09\/DSC_5404-400x271.jpg 400w, https:\/\/slawa.pl\/wp-content\/uploads\/2026\/09\/DSC_5404-600x407.jpg 600w, https:\/\/slawa.pl\/wp-content\/uploads\/2026\/09\/DSC_5404-800x542.jpg 800w, https:\/\/slawa.pl\/wp-content\/uploads\/2026\/09\/DSC_5404.jpg 1200w\" sizes=\"(min-width: 2200px) 100vw, (min-width: 784px) 557px, (min-width: 712px) 784px, (min-width: 640px) 712px, \" \/><\/a><\/div><\/div><div style=\"padding:5px;\" class=\"fusion-grid-column fusion-gallery-column fusion-gallery-column-3 hover-type-none\"><div class=\"fusion-gallery-image\"><a href=\"https:\/\/slawa.pl\/wp-content\/uploads\/2026\/09\/DSC_5409.jpg\" rel=\"noreferrer\" data-rel=\"iLightbox[gallery_image_1]\" class=\"fusion-lightbox\" target=\"_self\"><img decoding=\"async\" src=\"https:\/\/slawa.pl\/wp-content\/uploads\/2026\/09\/DSC_5409.jpg\" width=\"1200\" height=\"800\" alt=\"Rozpocz\u0119cie roku szkolnego 2026\/2027 w ZSP S\u0142awa\" title=\"DSC_5409\" aria-label=\"DSC_5409\" class=\"img-responsive wp-image-35158\" srcset=\"https:\/\/slawa.pl\/wp-content\/uploads\/2026\/09\/DSC_5409-200x133.jpg 200w, https:\/\/slawa.pl\/wp-content\/uploads\/2026\/09\/DSC_5409-400x267.jpg 400w, https:\/\/slawa.pl\/wp-content\/uploads\/2026\/09\/DSC_5409-600x400.jpg 600w, https:\/\/slawa.pl\/wp-content\/uploads\/2026\/09\/DSC_5409-800x533.jpg 800w, https:\/\/slawa.pl\/wp-content\/uploads\/2026\/09\/DSC_5409.jpg 1200w\" sizes=\"(min-width: 2200px) 100vw, (min-width: 784px) 557px, (min-width: 712px) 784px, (min-width: 640px) 712px, \" \/><\/a><\/div><\/div><div style=\"padding:5px;\" class=\"fusion-grid-column fusion-gallery-column fusion-gallery-column-3 hover-type-none\"><div class=\"fusion-gallery-image\"><a href=\"https:\/\/slawa.pl\/wp-content\/uploads\/2026\/09\/DSC_5413.jpg\" rel=\"noreferrer\" data-rel=\"iLightbox[gallery_image_1]\" class=\"fusion-lightbox\" target=\"_self\"><img decoding=\"async\" src=\"https:\/\/slawa.pl\/wp-content\/uploads\/2026\/09\/DSC_5413.jpg\" width=\"1200\" height=\"800\" alt=\"Rozpocz\u0119cie roku szkolnego 2026\/2027 w ZSP S\u0142awa\" title=\"DSC_5413\" aria-label=\"DSC_5413\" class=\"img-responsive wp-image-35159\" srcset=\"https:\/\/slawa.pl\/wp-content\/uploads\/2026\/09\/DSC_5413-200x133.jpg 200w, https:\/\/slawa.pl\/wp-content\/uploads\/2026\/09\/DSC_5413-400x267.jpg 400w, https:\/\/slawa.pl\/wp-content\/uploads\/2026\/09\/DSC_5413-600x400.jpg 600w, https:\/\/slawa.pl\/wp-content\/uploads\/2026\/09\/DSC_5413-800x533.jpg 800w, https:\/\/slawa.pl\/wp-content\/uploads\/2026\/09\/DSC_5413.jpg 1200w\" sizes=\"(min-width: 2200px) 100vw, (min-width: 784px) 557px, (min-width: 712px) 784px, (min-width: 640px) 712px, \" \/><\/a><\/div><\/div><div class=\"clearfix\"><\/div><div style=\"padding:5px;\" class=\"fusion-grid-column fusion-gallery-column fusion-gallery-column-3 hover-type-none\"><div class=\"fusion-gallery-image\"><a href=\"https:\/\/slawa.pl\/wp-content\/uploads\/2026\/09\/DSC_5414.jpg\" rel=\"noreferrer\" data-rel=\"iLightbox[gallery_image_1]\" class=\"fusion-lightbox\" target=\"_self\"><img decoding=\"async\" src=\"https:\/\/slawa.pl\/wp-content\/uploads\/2026\/09\/DSC_5414.jpg\" width=\"1200\" height=\"800\" alt=\"Rozpocz\u0119cie roku szkolnego 2026\/2027 w ZSP S\u0142awa\" title=\"DSC_5414\" aria-label=\"DSC_5414\" class=\"img-responsive wp-image-35160\" srcset=\"https:\/\/slawa.pl\/wp-content\/uploads\/2026\/09\/DSC_5414-200x133.jpg 200w, https:\/\/slawa.pl\/wp-content\/uploads\/2026\/09\/DSC_5414-400x267.jpg 400w, https:\/\/slawa.pl\/wp-content\/uploads\/2026\/09\/DSC_5414-600x400.jpg 600w, https:\/\/slawa.pl\/wp-content\/uploads\/2026\/09\/DSC_5414-800x533.jpg 800w, https:\/\/slawa.pl\/wp-content\/uploads\/2026\/09\/DSC_5414.jpg 1200w\" sizes=\"(min-width: 2200px) 100vw, (min-width: 784px) 557px, (min-width: 712px) 784px, (min-width: 640px) 712px, \" \/><\/a><\/div><\/div><div style=\"padding:5px;\" class=\"fusion-grid-column fusion-gallery-column fusion-gallery-column-3 hover-type-none\"><div class=\"fusion-gallery-image\"><a href=\"https:\/\/slawa.pl\/wp-content\/uploads\/2026\/09\/DSC_5417.jpg\" rel=\"noreferrer\" data-rel=\"iLightbox[gallery_image_1]\" class=\"fusion-lightbox\" target=\"_self\"><img decoding=\"async\" src=\"https:\/\/slawa.pl\/wp-content\/uploads\/2026\/09\/DSC_5417.jpg\" width=\"1200\" height=\"800\" alt=\"Rozpocz\u0119cie roku szkolnego 2026\/2027 w ZSP S\u0142awa\" title=\"DSC_5417\" aria-label=\"DSC_5417\" class=\"img-responsive wp-image-35161\" srcset=\"https:\/\/slawa.pl\/wp-content\/uploads\/2026\/09\/DSC_5417-200x133.jpg 200w, https:\/\/slawa.pl\/wp-content\/uploads\/2026\/09\/DSC_5417-400x267.jpg 400w, https:\/\/slawa.pl\/wp-content\/uploads\/2026\/09\/DSC_5417-600x400.jpg 600w, https:\/\/slawa.pl\/wp-content\/uploads\/2026\/09\/DSC_5417-800x533.jpg 800w, https:\/\/slawa.pl\/wp-content\/uploads\/2026\/09\/DSC_5417.jpg 1200w\" sizes=\"(min-width: 2200px) 100vw, (min-width: 784px) 557px, (min-width: 712px) 784px, (min-width: 640px) 712px, \" \/><\/a><\/div><\/div><div style=\"padding:5px;\" class=\"fusion-grid-column fusion-gallery-column fusion-gallery-column-3 hover-type-none\"><div class=\"fusion-gallery-image\"><a href=\"https:\/\/slawa.pl\/wp-content\/uploads\/2026\/09\/DSC_5418.jpg\" rel=\"noreferrer\" data-rel=\"iLightbox[gallery_image_1]\" class=\"fusion-lightbox\" target=\"_self\"><img decoding=\"async\" src=\"https:\/\/slawa.pl\/wp-content\/uploads\/2026\/09\/DSC_5418.jpg\" width=\"1200\" height=\"800\" alt=\"Rozpocz\u0119cie roku szkolnego 2026\/2027 w ZSP S\u0142awa\" title=\"DSC_5418\" aria-label=\"DSC_5418\" class=\"img-responsive wp-image-35162\" srcset=\"https:\/\/slawa.pl\/wp-content\/uploads\/2026\/09\/DSC_5418-200x133.jpg 200w, https:\/\/slawa.pl\/wp-content\/uploads\/2026\/09\/DSC_5418-400x267.jpg 400w, https:\/\/slawa.pl\/wp-content\/uploads\/2026\/09\/DSC_5418-600x400.jpg 600w, https:\/\/slawa.pl\/wp-content\/uploads\/2026\/09\/DSC_5418-800x533.jpg 800w, https:\/\/slawa.pl\/wp-content\/uploads\/2026\/09\/DSC_5418.jpg 1200w\" sizes=\"(min-width: 2200px) 100vw, (min-width: 784px) 557px, (min-width: 712px) 784px, (min-width: 640px) 712px, \" \/><\/a><\/div><\/div><div class=\"clearfix\"><\/div><div style=\"padding:5px;\" class=\"fusion-grid-column fusion-gallery-column fusion-gallery-column-3 hover-type-none\"><div class=\"fusion-gallery-image\"><a href=\"https:\/\/slawa.pl\/wp-content\/uploads\/2026\/09\/DSC_5420.jpg\" rel=\"noreferrer\" data-rel=\"iLightbox[gallery_image_1]\" class=\"fusion-lightbox\" target=\"_self\"><img decoding=\"async\" src=\"https:\/\/slawa.pl\/wp-content\/uploads\/2026\/09\/DSC_5420.jpg\" width=\"1200\" height=\"800\" alt=\"Rozpocz\u0119cie roku szkolnego 2026\/2027 w ZSP S\u0142awa\" title=\"DSC_5420\" aria-label=\"DSC_5420\" class=\"img-responsive wp-image-35163\" srcset=\"https:\/\/slawa.pl\/wp-content\/uploads\/2026\/09\/DSC_5420-200x133.jpg 200w, https:\/\/slawa.pl\/wp-content\/uploads\/2026\/09\/DSC_5420-400x267.jpg 400w, https:\/\/slawa.pl\/wp-content\/uploads\/2026\/09\/DSC_5420-600x400.jpg 600w, https:\/\/slawa.pl\/wp-content\/uploads\/2026\/09\/DSC_5420-800x533.jpg 800w, https:\/\/slawa.pl\/wp-content\/uploads\/2026\/09\/DSC_5420.jpg 1200w\" sizes=\"(min-width: 2200px) 100vw, (min-width: 784px) 557px, (min-width: 712px) 784px, (min-width: 640px) 712px, \" \/><\/a><\/div><\/div><div style=\"padding:5px;\" class=\"fusion-grid-column fusion-gallery-column fusion-gallery-column-3 hover-type-none\"><div class=\"fusion-gallery-image\"><a href=\"https:\/\/slawa.pl\/wp-content\/uploads\/2026\/09\/DSC_5423.jpg\" rel=\"noreferrer\" data-rel=\"iLightbox[gallery_image_1]\" class=\"fusion-lightbox\" target=\"_self\"><img decoding=\"async\" src=\"https:\/\/slawa.pl\/wp-content\/uploads\/2026\/09\/DSC_5423.jpg\" width=\"1200\" height=\"800\" alt=\"Rozpocz\u0119cie roku szkolnego 2026\/2027 w ZSP S\u0142awa\" title=\"DSC_5423\" aria-label=\"DSC_5423\" class=\"img-responsive wp-image-35164\" srcset=\"https:\/\/slawa.pl\/wp-content\/uploads\/2026\/09\/DSC_5423-200x133.jpg 200w, https:\/\/slawa.pl\/wp-content\/uploads\/2026\/09\/DSC_5423-400x267.jpg 400w, https:\/\/slawa.pl\/wp-content\/uploads\/2026\/09\/DSC_5423-600x400.jpg 600w, https:\/\/slawa.pl\/wp-content\/uploads\/2026\/09\/DSC_5423-800x533.jpg 800w, https:\/\/slawa.pl\/wp-content\/uploads\/2026\/09\/DSC_5423.jpg 1200w\" sizes=\"(min-width: 2200px) 100vw, (min-width: 784px) 557px, (min-width: 712px) 784px, (min-width: 640px) 712px, \" \/><\/a><\/div><\/div><div style=\"padding:5px;\" class=\"fusion-grid-column fusion-gallery-column fusion-gallery-column-3 hover-type-none\"><div class=\"fusion-gallery-image\"><a href=\"https:\/\/slawa.pl\/wp-content\/uploads\/2026\/09\/DSC_5424.jpg\" rel=\"noreferrer\" data-rel=\"iLightbox[gallery_image_1]\" class=\"fusion-lightbox\" target=\"_self\"><img decoding=\"async\" src=\"https:\/\/slawa.pl\/wp-content\/uploads\/2026\/09\/DSC_5424.jpg\" width=\"1200\" height=\"800\" alt=\"Rozpocz\u0119cie roku szkolnego 2026\/2027 w ZSP S\u0142awa\" title=\"DSC_5424\" aria-label=\"DSC_5424\" class=\"img-responsive wp-image-35165\" srcset=\"https:\/\/slawa.pl\/wp-content\/uploads\/2026\/09\/DSC_5424-200x133.jpg 200w, https:\/\/slawa.pl\/wp-content\/uploads\/2026\/09\/DSC_5424-400x267.jpg 400w, https:\/\/slawa.pl\/wp-content\/uploads\/2026\/09\/DSC_5424-600x400.jpg 600w, https:\/\/slawa.pl\/wp-content\/uploads\/2026\/09\/DSC_5424-800x533.jpg 800w, https:\/\/slawa.pl\/wp-content\/uploads\/2026\/09\/DSC_5424.jpg 1200w\" sizes=\"(min-width: 2200px) 100vw, (min-width: 784px) 557px, (min-width: 712px) 784px, (min-width: 640px) 712px, \" \/><\/a><\/div><\/div><div class=\"clearfix\"><\/div><div style=\"padding:5px;\" class=\"fusion-grid-column fusion-gallery-column fusion-gallery-column-3 hover-type-none\"><div class=\"fusion-gallery-image\"><a href=\"https:\/\/slawa.pl\/wp-content\/uploads\/2026\/09\/DSC_5427.jpg\" rel=\"noreferrer\" data-rel=\"iLightbox[gallery_image_1]\" class=\"fusion-lightbox\" target=\"_self\"><img decoding=\"async\" src=\"https:\/\/slawa.pl\/wp-content\/uploads\/2026\/09\/DSC_5427.jpg\" width=\"1200\" height=\"800\" alt=\"Rozpocz\u0119cie roku szkolnego 2026\/2027 w ZSP S\u0142awa\" title=\"DSC_5427\" aria-label=\"DSC_5427\" class=\"img-responsive wp-image-35166\" srcset=\"https:\/\/slawa.pl\/wp-content\/uploads\/2026\/09\/DSC_5427-200x133.jpg 200w, https:\/\/slawa.pl\/wp-content\/uploads\/2026\/09\/DSC_5427-400x267.jpg 400w, https:\/\/slawa.pl\/wp-content\/uploads\/2026\/09\/DSC_5427-600x400.jpg 600w, https:\/\/slawa.pl\/wp-content\/uploads\/2026\/09\/DSC_5427-800x533.jpg 800w, https:\/\/slawa.pl\/wp-content\/uploads\/2026\/09\/DSC_5427.jpg 1200w\" sizes=\"(min-width: 2200px) 100vw, (min-width: 784px) 557px, (min-width: 712px) 784px, (min-width: 640px) 712px, \" \/><\/a><\/div><\/div><div style=\"padding:5px;\" class=\"fusion-grid-column fusion-gallery-column fusion-gallery-column-3 hover-type-none\"><div class=\"fusion-gallery-image\"><a href=\"https:\/\/slawa.pl\/wp-content\/uploads\/2026\/09\/DSC_5428.jpg\" rel=\"noreferrer\" data-rel=\"iLightbox[gallery_image_1]\" class=\"fusion-lightbox\" target=\"_self\"><img decoding=\"async\" src=\"https:\/\/slawa.pl\/wp-content\/uploads\/2026\/09\/DSC_5428.jpg\" width=\"1200\" height=\"800\" alt=\"Rozpocz\u0119cie roku szkolnego 2026\/2027 w ZSP S\u0142awa\" title=\"DSC_5428\" aria-label=\"DSC_5428\" class=\"img-responsive wp-image-35167\" srcset=\"https:\/\/slawa.pl\/wp-content\/uploads\/2026\/09\/DSC_5428-200x133.jpg 200w, https:\/\/slawa.pl\/wp-content\/uploads\/2026\/09\/DSC_5428-400x267.jpg 400w, https:\/\/slawa.pl\/wp-content\/uploads\/2026\/09\/DSC_5428-600x400.jpg 600w, https:\/\/slawa.pl\/wp-content\/uploads\/2026\/09\/DSC_5428-800x533.jpg 800w, https:\/\/slawa.pl\/wp-content\/uploads\/2026\/09\/DSC_5428.jpg 1200w\" sizes=\"(min-width: 2200px) 100vw, (min-width: 784px) 557px, (min-width: 712px) 784px, (min-width: 640px) 712px, \" \/><\/a><\/div><\/div><div style=\"padding:5px;\" class=\"fusion-grid-column fusion-gallery-column fusion-gallery-column-3 hover-type-none\"><div class=\"fusion-gallery-image\"><a href=\"https:\/\/slawa.pl\/wp-content\/uploads\/2026\/09\/DSC_5429.jpg\" rel=\"noreferrer\" data-rel=\"iLightbox[gallery_image_1]\" class=\"fusion-lightbox\" target=\"_self\"><img decoding=\"async\" src=\"https:\/\/slawa.pl\/wp-content\/uploads\/2026\/09\/DSC_5429.jpg\" width=\"1200\" height=\"800\" alt=\"Rozpocz\u0119cie roku szkolnego 2026\/2027 w ZSP S\u0142awa\" title=\"DSC_5429\" aria-label=\"DSC_5429\" class=\"img-responsive wp-image-35168\" srcset=\"https:\/\/slawa.pl\/wp-content\/uploads\/2026\/09\/DSC_5429-200x133.jpg 200w, https:\/\/slawa.pl\/wp-content\/uploads\/2026\/09\/DSC_5429-400x267.jpg 400w, https:\/\/slawa.pl\/wp-content\/uploads\/2026\/09\/DSC_5429-600x400.jpg 600w, https:\/\/slawa.pl\/wp-content\/uploads\/2026\/09\/DSC_5429-800x533.jpg 800w, https:\/\/slawa.pl\/wp-content\/uploads\/2026\/09\/DSC_5429.jpg 1200w\" sizes=\"(min-width: 2200px) 100vw, (min-width: 784px) 557px, (min-width: 712px) 784px, (min-width: 640px) 712px, \" \/><\/a><\/div><\/div><div class=\"clearfix\"><\/div><div style=\"padding:5px;\" class=\"fusion-grid-column fusion-gallery-column fusion-gallery-column-3 hover-type-none\"><div class=\"fusion-gallery-image\"><a href=\"https:\/\/slawa.pl\/wp-content\/uploads\/2026\/09\/DSC_5430.jpg\" rel=\"noreferrer\" data-rel=\"iLightbox[gallery_image_1]\" class=\"fusion-lightbox\" target=\"_self\"><img decoding=\"async\" src=\"https:\/\/slawa.pl\/wp-content\/uploads\/2026\/09\/DSC_5430.jpg\" width=\"1200\" height=\"800\" alt=\"Rozpocz\u0119cie roku szkolnego 2026\/2027 w ZSP S\u0142awa\" title=\"DSC_5430\" aria-label=\"DSC_5430\" class=\"img-responsive wp-image-35169\" srcset=\"https:\/\/slawa.pl\/wp-content\/uploads\/2026\/09\/DSC_5430-200x133.jpg 200w, https:\/\/slawa.pl\/wp-content\/uploads\/2026\/09\/DSC_5430-400x267.jpg 400w, https:\/\/slawa.pl\/wp-content\/uploads\/2026\/09\/DSC_5430-600x400.jpg 600w, https:\/\/slawa.pl\/wp-content\/uploads\/2026\/09\/DSC_5430-800x533.jpg 800w, https:\/\/slawa.pl\/wp-content\/uploads\/2026\/09\/DSC_5430.jpg 1200w\" sizes=\"(min-width: 2200px) 100vw, (min-width: 784px) 557px, (min-width: 712px) 784px, (min-width: 640px) 712px, \" \/><\/a><\/div><\/div><div style=\"padding:5px;\" class=\"fusion-grid-column fusion-gallery-column fusion-gallery-column-3 hover-type-none\"><div class=\"fusion-gallery-image\"><a href=\"https:\/\/slawa.pl\/wp-content\/uploads\/2026\/09\/DSC_5433.jpg\" rel=\"noreferrer\" data-rel=\"iLightbox[gallery_image_1]\" class=\"fusion-lightbox\" target=\"_self\"><img decoding=\"async\" src=\"https:\/\/slawa.pl\/wp-content\/uploads\/2026\/09\/DSC_5433.jpg\" width=\"1200\" height=\"800\" alt=\"Rozpocz\u0119cie roku szkolnego 2026\/2027 w ZSP S\u0142awa\" title=\"DSC_5433\" aria-label=\"DSC_5433\" class=\"img-responsive wp-image-35170\" srcset=\"https:\/\/slawa.pl\/wp-content\/uploads\/2026\/09\/DSC_5433-200x133.jpg 200w, https:\/\/slawa.pl\/wp-content\/uploads\/2026\/09\/DSC_5433-400x267.jpg 400w, https:\/\/slawa.pl\/wp-content\/uploads\/2026\/09\/DSC_5433-600x400.jpg 600w, https:\/\/slawa.pl\/wp-content\/uploads\/2026\/09\/DSC_5433-800x533.jpg 800w, https:\/\/slawa.pl\/wp-content\/uploads\/2026\/09\/DSC_5433.jpg 1200w\" sizes=\"(min-width: 2200px) 100vw, (min-width: 784px) 557px, (min-width: 712px) 784px, (min-width: 640px) 712px, \" \/><\/a><\/div><\/div><div style=\"padding:5px;\" class=\"fusion-grid-column fusion-gallery-column fusion-gallery-column-3 hover-type-none\"><div class=\"fusion-gallery-image\"><a href=\"https:\/\/slawa.pl\/wp-content\/uploads\/2026\/09\/DSC_5435.jpg\" rel=\"noreferrer\" data-rel=\"iLightbox[gallery_image_1]\" class=\"fusion-lightbox\" target=\"_self\"><img decoding=\"async\" src=\"https:\/\/slawa.pl\/wp-content\/uploads\/2026\/09\/DSC_5435.jpg\" width=\"1200\" height=\"800\" alt=\"Rozpocz\u0119cie roku szkolnego 2026\/2027 w ZSP S\u0142awa\" title=\"DSC_5435\" aria-label=\"DSC_5435\" class=\"img-responsive wp-image-35171\" srcset=\"https:\/\/slawa.pl\/wp-content\/uploads\/2026\/09\/DSC_5435-200x133.jpg 200w, https:\/\/slawa.pl\/wp-content\/uploads\/2026\/09\/DSC_5435-400x267.jpg 400w, https:\/\/slawa.pl\/wp-content\/uploads\/2026\/09\/DSC_5435-600x400.jpg 600w, https:\/\/slawa.pl\/wp-content\/uploads\/2026\/09\/DSC_5435-800x533.jpg 800w, https:\/\/slawa.pl\/wp-content\/uploads\/2026\/09\/DSC_5435.jpg 1200w\" sizes=\"(min-width: 2200px) 100vw, (min-width: 784px) 557px, (min-width: 712px) 784px, (min-width: 640px) 712px, \" \/><\/a><\/div><\/div><div class=\"clearfix\"><\/div><div style=\"padding:5px;\" class=\"fusion-grid-column fusion-gallery-column fusion-gallery-column-3 hover-type-none\"><div class=\"fusion-gallery-image\"><a href=\"https:\/\/slawa.pl\/wp-content\/uploads\/2026\/09\/DSC_5436.jpg\" rel=\"noreferrer\" data-rel=\"iLightbox[gallery_image_1]\" class=\"fusion-lightbox\" target=\"_self\"><img decoding=\"async\" src=\"https:\/\/slawa.pl\/wp-content\/uploads\/2026\/09\/DSC_5436.jpg\" width=\"1200\" height=\"800\" alt=\"Rozpocz\u0119cie roku szkolnego 2026\/2027 w ZSP S\u0142awa\" title=\"DSC_5436\" aria-label=\"DSC_5436\" class=\"img-responsive wp-image-35172\" srcset=\"https:\/\/slawa.pl\/wp-content\/uploads\/2026\/09\/DSC_5436-200x133.jpg 200w, https:\/\/slawa.pl\/wp-content\/uploads\/2026\/09\/DSC_5436-400x267.jpg 400w, https:\/\/slawa.pl\/wp-content\/uploads\/2026\/09\/DSC_5436-600x400.jpg 600w, https:\/\/slawa.pl\/wp-content\/uploads\/2026\/09\/DSC_5436-800x533.jpg 800w, https:\/\/slawa.pl\/wp-content\/uploads\/2026\/09\/DSC_5436.jpg 1200w\" sizes=\"(min-width: 2200px) 100vw, (min-width: 784px) 557px, (min-width: 712px) 784px, (min-width: 640px) 712px, \" \/><\/a><\/div><\/div><div style=\"padding:5px;\" class=\"fusion-grid-column fusion-gallery-column fusion-gallery-column-3 hover-type-none\"><div class=\"fusion-gallery-image\"><a href=\"https:\/\/slawa.pl\/wp-content\/uploads\/2026\/09\/DSC_5438.jpg\" rel=\"noreferrer\" data-rel=\"iLightbox[gallery_image_1]\" class=\"fusion-lightbox\" target=\"_self\"><img decoding=\"async\" src=\"https:\/\/slawa.pl\/wp-content\/uploads\/2026\/09\/DSC_5438.jpg\" width=\"1200\" height=\"800\" alt=\"Rozpocz\u0119cie roku szkolnego 2026\/2027 w ZSP S\u0142awa\" title=\"DSC_5438\" aria-label=\"DSC_5438\" class=\"img-responsive wp-image-35173\" srcset=\"https:\/\/slawa.pl\/wp-content\/uploads\/2026\/09\/DSC_5438-200x133.jpg 200w, https:\/\/slawa.pl\/wp-content\/uploads\/2026\/09\/DSC_5438-400x267.jpg 400w, https:\/\/slawa.pl\/wp-content\/uploads\/2026\/09\/DSC_5438-600x400.jpg 600w, https:\/\/slawa.pl\/wp-content\/uploads\/2026\/09\/DSC_5438-800x533.jpg 800w, https:\/\/slawa.pl\/wp-content\/uploads\/2026\/09\/DSC_5438.jpg 1200w\" sizes=\"(min-width: 2200px) 100vw, (min-width: 784px) 557px, (min-width: 712px) 784px, (min-width: 640px) 712px, \" \/><\/a><\/div><\/div><div style=\"padding:5px;\" class=\"fusion-grid-column fusion-gallery-column fusion-gallery-column-3 hover-type-none\"><div class=\"fusion-gallery-image\"><a href=\"https:\/\/slawa.pl\/wp-content\/uploads\/2026\/09\/DSC_5440.jpg\" rel=\"noreferrer\" data-rel=\"iLightbox[gallery_image_1]\" class=\"fusion-lightbox\" target=\"_self\"><img decoding=\"async\" src=\"https:\/\/slawa.pl\/wp-content\/uploads\/2026\/09\/DSC_5440.jpg\" width=\"1200\" height=\"800\" alt=\"Rozpocz\u0119cie roku szkolnego 2026\/2027 w ZSP S\u0142awa\" title=\"DSC_5440\" aria-label=\"DSC_5440\" class=\"img-responsive wp-image-35174\" srcset=\"https:\/\/slawa.pl\/wp-content\/uploads\/2026\/09\/DSC_5440-200x133.jpg 200w, https:\/\/slawa.pl\/wp-content\/uploads\/2026\/09\/DSC_5440-400x267.jpg 400w, https:\/\/slawa.pl\/wp-content\/uploads\/2026\/09\/DSC_5440-600x400.jpg 600w, https:\/\/slawa.pl\/wp-content\/uploads\/2026\/09\/DSC_5440-800x533.jpg 800w, https:\/\/slawa.pl\/wp-content\/uploads\/2026\/09\/DSC_5440.jpg 1200w\" sizes=\"(min-width: 2200px) 100vw, (min-width: 784px) 557px, (min-width: 712px) 784px, (min-width: 640px) 712px, \" \/><\/a><\/div><\/div><div class=\"clearfix\"><\/div><div style=\"padding:5px;\" class=\"fusion-grid-column fusion-gallery-column fusion-gallery-column-3 hover-type-none\"><div class=\"fusion-gallery-image\"><a href=\"https:\/\/slawa.pl\/wp-content\/uploads\/2026\/09\/DSC_5442.jpg\" rel=\"noreferrer\" data-rel=\"iLightbox[gallery_image_1]\" class=\"fusion-lightbox\" target=\"_self\"><img decoding=\"async\" src=\"https:\/\/slawa.pl\/wp-content\/uploads\/2026\/09\/DSC_5442.jpg\" width=\"1200\" height=\"800\" alt=\"Rozpocz\u0119cie roku szkolnego 2026\/2027 w ZSP S\u0142awa\" title=\"DSC_5442\" aria-label=\"DSC_5442\" class=\"img-responsive wp-image-35175\" srcset=\"https:\/\/slawa.pl\/wp-content\/uploads\/2026\/09\/DSC_5442-200x133.jpg 200w, https:\/\/slawa.pl\/wp-content\/uploads\/2026\/09\/DSC_5442-400x267.jpg 400w, https:\/\/slawa.pl\/wp-content\/uploads\/2026\/09\/DSC_5442-600x400.jpg 600w, https:\/\/slawa.pl\/wp-content\/uploads\/2026\/09\/DSC_5442-800x533.jpg 800w, https:\/\/slawa.pl\/wp-content\/uploads\/2026\/09\/DSC_5442.jpg 1200w\" sizes=\"(min-width: 2200px) 100vw, (min-width: 784px) 557px, (min-width: 712px) 784px, (min-width: 640px) 712px, \" \/><\/a><\/div><\/div><div style=\"padding:5px;\" class=\"fusion-grid-column fusion-gallery-column fusion-gallery-column-3 hover-type-none\"><div class=\"fusion-gallery-image\"><a href=\"https:\/\/slawa.pl\/wp-content\/uploads\/2026\/09\/DSC_5444.jpg\" rel=\"noreferrer\" data-rel=\"iLightbox[gallery_image_1]\" class=\"fusion-lightbox\" target=\"_self\"><img decoding=\"async\" src=\"https:\/\/slawa.pl\/wp-content\/uploads\/2026\/09\/DSC_5444.jpg\" width=\"1200\" height=\"800\" alt=\"Rozpocz\u0119cie roku szkolnego 2026\/2027 w ZSP S\u0142awa\" title=\"DSC_5444\" aria-label=\"DSC_5444\" class=\"img-responsive wp-image-35176\" srcset=\"https:\/\/slawa.pl\/wp-content\/uploads\/2026\/09\/DSC_5444-200x133.jpg 200w, https:\/\/slawa.pl\/wp-content\/uploads\/2026\/09\/DSC_5444-400x267.jpg 400w, https:\/\/slawa.pl\/wp-content\/uploads\/2026\/09\/DSC_5444-600x400.jpg 600w, https:\/\/slawa.pl\/wp-content\/uploads\/2026\/09\/DSC_5444-800x533.jpg 800w, https:\/\/slawa.pl\/wp-content\/uploads\/2026\/09\/DSC_5444.jpg 1200w\" sizes=\"(min-width: 2200px) 100vw, (min-width: 784px) 557px, (min-width: 712px) 784px, (min-width: 640px) 712px, \" \/><\/a><\/div><\/div><div style=\"padding:5px;\" class=\"fusion-grid-column fusion-gallery-column fusion-gallery-column-3 hover-type-none\"><div class=\"fusion-gallery-image\"><a href=\"https:\/\/slawa.pl\/wp-content\/uploads\/2026\/09\/DSC_5446.jpg\" rel=\"noreferrer\" data-rel=\"iLightbox[gallery_image_1]\" class=\"fusion-lightbox\" target=\"_self\"><img decoding=\"async\" src=\"https:\/\/slawa.pl\/wp-content\/uploads\/2026\/09\/DSC_5446.jpg\" width=\"1200\" height=\"800\" alt=\"Rozpocz\u0119cie roku szkolnego 2026\/2027 w ZSP S\u0142awa\" title=\"DSC_5446\" aria-label=\"DSC_5446\" class=\"img-responsive wp-image-35177\" srcset=\"https:\/\/slawa.pl\/wp-content\/uploads\/2026\/09\/DSC_5446-200x133.jpg 200w, https:\/\/slawa.pl\/wp-content\/uploads\/2026\/09\/DSC_5446-400x267.jpg 400w, https:\/\/slawa.pl\/wp-content\/uploads\/2026\/09\/DSC_5446-600x400.jpg 600w, https:\/\/slawa.pl\/wp-content\/uploads\/2026\/09\/DSC_5446-800x533.jpg 800w, https:\/\/slawa.pl\/wp-content\/uploads\/2026\/09\/DSC_5446.jpg 1200w\" sizes=\"(min-width: 2200px) 100vw, (min-width: 784px) 557px, (min-width: 712px) 784px, (min-width: 640px) 712px, \" \/><\/a><\/div><\/div><div class=\"clearfix\"><\/div><div style=\"padding:5px;\" class=\"fusion-grid-column fusion-gallery-column fusion-gallery-column-3 hover-type-none\"><div class=\"fusion-gallery-image\"><a href=\"https:\/\/slawa.pl\/wp-content\/uploads\/2026\/09\/DSC_5447.jpg\" rel=\"noreferrer\" data-rel=\"iLightbox[gallery_image_1]\" class=\"fusion-lightbox\" target=\"_self\"><img decoding=\"async\" src=\"https:\/\/slawa.pl\/wp-content\/uploads\/2026\/09\/DSC_5447.jpg\" width=\"1200\" height=\"800\" alt=\"Rozpocz\u0119cie roku szkolnego 2026\/2027 w ZSP S\u0142awa\" title=\"DSC_5447\" aria-label=\"DSC_5447\" class=\"img-responsive wp-image-35178\" srcset=\"https:\/\/slawa.pl\/wp-content\/uploads\/2026\/09\/DSC_5447-200x133.jpg 200w, https:\/\/slawa.pl\/wp-content\/uploads\/2026\/09\/DSC_5447-400x267.jpg 400w, https:\/\/slawa.pl\/wp-content\/uploads\/2026\/09\/DSC_5447-600x400.jpg 600w, https:\/\/slawa.pl\/wp-content\/uploads\/2026\/09\/DSC_5447-800x533.jpg 800w, https:\/\/slawa.pl\/wp-content\/uploads\/2026\/09\/DSC_5447.jpg 1200w\" sizes=\"(min-width: 2200px) 100vw, (min-width: 784px) 557px, (min-width: 712px) 784px, (min-width: 640px) 712px, \" \/><\/a><\/div><\/div><div style=\"padding:5px;\" class=\"fusion-grid-column fusion-gallery-column fusion-gallery-column-3 hover-type-none\"><div class=\"fusion-gallery-image\"><a href=\"https:\/\/slawa.pl\/wp-content\/uploads\/2026\/09\/DSC_5449.jpg\" rel=\"noreferrer\" data-rel=\"iLightbox[gallery_image_1]\" class=\"fusion-lightbox\" target=\"_self\"><img decoding=\"async\" src=\"https:\/\/slawa.pl\/wp-content\/uploads\/2026\/09\/DSC_5449.jpg\" width=\"1200\" height=\"800\" alt=\"Rozpocz\u0119cie roku szkolnego 2026\/2027 w ZSP S\u0142awa\" title=\"DSC_5449\" aria-label=\"DSC_5449\" class=\"img-responsive wp-image-35179\" srcset=\"https:\/\/slawa.pl\/wp-content\/uploads\/2026\/09\/DSC_5449-200x133.jpg 200w, https:\/\/slawa.pl\/wp-content\/uploads\/2026\/09\/DSC_5449-400x267.jpg 400w, https:\/\/slawa.pl\/wp-content\/uploads\/2026\/09\/DSC_5449-600x400.jpg 600w, https:\/\/slawa.pl\/wp-content\/uploads\/2026\/09\/DSC_5449-800x533.jpg 800w, https:\/\/slawa.pl\/wp-content\/uploads\/2026\/09\/DSC_5449.jpg 1200w\" sizes=\"(min-width: 2200px) 100vw, (min-width: 784px) 557px, (min-width: 712px) 784px, (min-width: 640px) 712px, \" \/><\/a><\/div><\/div><div style=\"padding:5px;\" class=\"fusion-grid-column fusion-gallery-column fusion-gallery-column-3 hover-type-none\"><div class=\"fusion-gallery-image\"><a href=\"https:\/\/slawa.pl\/wp-content\/uploads\/2026\/09\/DSC_5450.jpg\" rel=\"noreferrer\" data-rel=\"iLightbox[gallery_image_1]\" class=\"fusion-lightbox\" target=\"_self\"><img decoding=\"async\" src=\"https:\/\/slawa.pl\/wp-content\/uploads\/2026\/09\/DSC_5450.jpg\" width=\"1200\" height=\"800\" alt=\"Rozpocz\u0119cie roku szkolnego 2026\/2027 w ZSP S\u0142awa\" title=\"DSC_5450\" aria-label=\"DSC_5450\" class=\"img-responsive wp-image-35180\" srcset=\"https:\/\/slawa.pl\/wp-content\/uploads\/2026\/09\/DSC_5450-200x133.jpg 200w, https:\/\/slawa.pl\/wp-content\/uploads\/2026\/09\/DSC_5450-400x267.jpg 400w, https:\/\/slawa.pl\/wp-content\/uploads\/2026\/09\/DSC_5450-600x400.jpg 600w, https:\/\/slawa.pl\/wp-content\/uploads\/2026\/09\/DSC_5450-800x533.jpg 800w, https:\/\/slawa.pl\/wp-content\/uploads\/2026\/09\/DSC_5450.jpg 1200w\" sizes=\"(min-width: 2200px) 100vw, (min-width: 784px) 557px, (min-width: 712px) 784px, (min-width: 640px) 712px, \" \/><\/a><\/div><\/div><div class=\"clearfix\"><\/div><div style=\"padding:5px;\" class=\"fusion-grid-column fusion-gallery-column fusion-gallery-column-3 hover-type-none\"><div class=\"fusion-gallery-image\"><a href=\"https:\/\/slawa.pl\/wp-content\/uploads\/2026\/09\/DSC_5454.jpg\" rel=\"noreferrer\" data-rel=\"iLightbox[gallery_image_1]\" class=\"fusion-lightbox\" target=\"_self\"><img decoding=\"async\" src=\"https:\/\/slawa.pl\/wp-content\/uploads\/2026\/09\/DSC_5454.jpg\" width=\"1200\" height=\"800\" alt=\"Rozpocz\u0119cie roku szkolnego 2026\/2027 w ZSP S\u0142awa\" title=\"DSC_5454\" aria-label=\"DSC_5454\" class=\"img-responsive wp-image-35181\" srcset=\"https:\/\/slawa.pl\/wp-content\/uploads\/2026\/09\/DSC_5454-200x133.jpg 200w, https:\/\/slawa.pl\/wp-content\/uploads\/2026\/09\/DSC_5454-400x267.jpg 400w, https:\/\/slawa.pl\/wp-content\/uploads\/2026\/09\/DSC_5454-600x400.jpg 600w, https:\/\/slawa.pl\/wp-content\/uploads\/2026\/09\/DSC_5454-800x533.jpg 800w, https:\/\/slawa.pl\/wp-content\/uploads\/2026\/09\/DSC_5454.jpg 1200w\" sizes=\"(min-width: 2200px) 100vw, (min-width: 784px) 557px, (min-width: 712px) 784px, (min-width: 640px) 712px, \" \/><\/a><\/div><\/div><div style=\"padding:5px;\" class=\"fusion-grid-column fusion-gallery-column fusion-gallery-column-3 hover-type-none\"><div class=\"fusion-gallery-image\"><a href=\"https:\/\/slawa.pl\/wp-content\/uploads\/2026\/09\/DSC_5457.jpg\" rel=\"noreferrer\" data-rel=\"iLightbox[gallery_image_1]\" class=\"fusion-lightbox\" target=\"_self\"><img decoding=\"async\" src=\"https:\/\/slawa.pl\/wp-content\/uploads\/2026\/09\/DSC_5457.jpg\" width=\"1200\" height=\"800\" alt=\"Rozpocz\u0119cie roku szkolnego 2026\/2027 w ZSP S\u0142awa\" title=\"DSC_5457\" aria-label=\"DSC_5457\" class=\"img-responsive wp-image-35182\" srcset=\"https:\/\/slawa.pl\/wp-content\/uploads\/2026\/09\/DSC_5457-200x133.jpg 200w, https:\/\/slawa.pl\/wp-content\/uploads\/2026\/09\/DSC_5457-400x267.jpg 400w, https:\/\/slawa.pl\/wp-content\/uploads\/2026\/09\/DSC_5457-600x400.jpg 600w, https:\/\/slawa.pl\/wp-content\/uploads\/2026\/09\/DSC_5457-800x533.jpg 800w, https:\/\/slawa.pl\/wp-content\/uploads\/2026\/09\/DSC_5457.jpg 1200w\" sizes=\"(min-width: 2200px) 100vw, (min-width: 784px) 557px, (min-width: 712px) 784px, (min-width: 640px) 712px, \" \/><\/a><\/div><\/div><div style=\"padding:5px;\" class=\"fusion-grid-column fusion-gallery-column fusion-gallery-column-3 hover-type-none\"><div class=\"fusion-gallery-image\"><a href=\"https:\/\/slawa.pl\/wp-content\/uploads\/2026\/09\/DSC_5459.jpg\" rel=\"noreferrer\" data-rel=\"iLightbox[gallery_image_1]\" class=\"fusion-lightbox\" target=\"_self\"><img decoding=\"async\" src=\"https:\/\/slawa.pl\/wp-content\/uploads\/2026\/09\/DSC_5459.jpg\" width=\"1200\" height=\"800\" alt=\"Rozpocz\u0119cie roku szkolnego 2026\/2027 w ZSP S\u0142awa\" title=\"DSC_5459\" aria-label=\"DSC_5459\" class=\"img-responsive wp-image-35183\" srcset=\"https:\/\/slawa.pl\/wp-content\/uploads\/2026\/09\/DSC_5459-200x133.jpg 200w, https:\/\/slawa.pl\/wp-content\/uploads\/2026\/09\/DSC_5459-400x267.jpg 400w, https:\/\/slawa.pl\/wp-content\/uploads\/2026\/09\/DSC_5459-600x400.jpg 600w, https:\/\/slawa.pl\/wp-content\/uploads\/2026\/09\/DSC_5459-800x533.jpg 800w, https:\/\/slawa.pl\/wp-content\/uploads\/2026\/09\/DSC_5459.jpg 1200w\" sizes=\"(min-width: 2200px) 100vw, (min-width: 784px) 557px, (min-width: 712px) 784px, (min-width: 640px) 712px, \" \/><\/a><\/div><\/div><div class=\"clearfix\"><\/div><div style=\"padding:5px;\" class=\"fusion-grid-column fusion-gallery-column fusion-gallery-column-3 hover-type-none\"><div class=\"fusion-gallery-image\"><a href=\"https:\/\/slawa.pl\/wp-content\/uploads\/2026\/09\/DSC_5461.jpg\" rel=\"noreferrer\" data-rel=\"iLightbox[gallery_image_1]\" class=\"fusion-lightbox\" target=\"_self\"><img decoding=\"async\" src=\"https:\/\/slawa.pl\/wp-content\/uploads\/2026\/09\/DSC_5461.jpg\" width=\"1200\" height=\"800\" alt=\"Rozpocz\u0119cie roku szkolnego 2026\/2027 w ZSP S\u0142awa\" title=\"DSC_5461\" aria-label=\"DSC_5461\" class=\"img-responsive wp-image-35184\" srcset=\"https:\/\/slawa.pl\/wp-content\/uploads\/2026\/09\/DSC_5461-200x133.jpg 200w, https:\/\/slawa.pl\/wp-content\/uploads\/2026\/09\/DSC_5461-400x267.jpg 400w, https:\/\/slawa.pl\/wp-content\/uploads\/2026\/09\/DSC_5461-600x400.jpg 600w, https:\/\/slawa.pl\/wp-content\/uploads\/2026\/09\/DSC_5461-800x533.jpg 800w, https:\/\/slawa.pl\/wp-content\/uploads\/2026\/09\/DSC_5461.jpg 1200w\" sizes=\"(min-width: 2200px) 100vw, (min-width: 784px) 557px, (min-width: 712px) 784px, (min-width: 640px) 712px, \" \/><\/a><\/div><\/div><div style=\"padding:5px;\" class=\"fusion-grid-column fusion-gallery-column fusion-gallery-column-3 hover-type-none\"><div class=\"fusion-gallery-image\"><a href=\"https:\/\/slawa.pl\/wp-content\/uploads\/2026\/09\/DSC_5462.jpg\" rel=\"noreferrer\" data-rel=\"iLightbox[gallery_image_1]\" class=\"fusion-lightbox\" target=\"_self\"><img decoding=\"async\" src=\"https:\/\/slawa.pl\/wp-content\/uploads\/2026\/09\/DSC_5462.jpg\" width=\"1200\" height=\"800\" alt=\"Rozpocz\u0119cie roku szkolnego 2026\/2027 w ZSP S\u0142awa\" title=\"DSC_5462\" aria-label=\"DSC_5462\" class=\"img-responsive wp-image-35185\" srcset=\"https:\/\/slawa.pl\/wp-content\/uploads\/2026\/09\/DSC_5462-200x133.jpg 200w, https:\/\/slawa.pl\/wp-content\/uploads\/2026\/09\/DSC_5462-400x267.jpg 400w, https:\/\/slawa.pl\/wp-content\/uploads\/2026\/09\/DSC_5462-600x400.jpg 600w, https:\/\/slawa.pl\/wp-content\/uploads\/2026\/09\/DSC_5462-800x533.jpg 800w, https:\/\/slawa.pl\/wp-content\/uploads\/2026\/09\/DSC_5462.jpg 1200w\" sizes=\"(min-width: 2200px) 100vw, (min-width: 784px) 557px, (min-width: 712px) 784px, (min-width: 640px) 712px, \" \/><\/a><\/div><\/div><div style=\"padding:5px;\" class=\"fusion-grid-column fusion-gallery-column fusion-gallery-column-3 hover-type-none\"><div class=\"fusion-gallery-image\"><a href=\"https:\/\/slawa.pl\/wp-content\/uploads\/2026\/09\/DSC_5465.jpg\" rel=\"noreferrer\" data-rel=\"iLightbox[gallery_image_1]\" class=\"fusion-lightbox\" target=\"_self\"><img decoding=\"async\" src=\"https:\/\/slawa.pl\/wp-content\/uploads\/2026\/09\/DSC_5465.jpg\" width=\"1200\" height=\"800\" alt=\"Rozpocz\u0119cie roku szkolnego 2026\/2027 w ZSP S\u0142awa\" title=\"DSC_5465\" aria-label=\"DSC_5465\" class=\"img-responsive wp-image-35186\" srcset=\"https:\/\/slawa.pl\/wp-content\/uploads\/2026\/09\/DSC_5465-200x133.jpg 200w, https:\/\/slawa.pl\/wp-content\/uploads\/2026\/09\/DSC_5465-400x267.jpg 400w, https:\/\/slawa.pl\/wp-content\/uploads\/2026\/09\/DSC_5465-600x400.jpg 600w, https:\/\/slawa.pl\/wp-content\/uploads\/2026\/09\/DSC_5465-800x533.jpg 800w, https:\/\/slawa.pl\/wp-content\/uploads\/2026\/09\/DSC_5465.jpg 1200w\" sizes=\"(min-width: 2200px) 100vw, (min-width: 784px) 557px, (min-width: 712px) 784px, (min-width: 640px) 712px, \" \/><\/a><\/div><\/div><div class=\"clearfix\"><\/div><div style=\"padding:5px;\" class=\"fusion-grid-column fusion-gallery-column fusion-gallery-column-3 hover-type-none\"><div class=\"fusion-gallery-image\"><a href=\"https:\/\/slawa.pl\/wp-content\/uploads\/2026\/09\/DSC_5469.jpg\" rel=\"noreferrer\" data-rel=\"iLightbox[gallery_image_1]\" class=\"fusion-lightbox\" target=\"_self\"><img decoding=\"async\" src=\"https:\/\/slawa.pl\/wp-content\/uploads\/2026\/09\/DSC_5469.jpg\" width=\"1200\" height=\"800\" alt=\"Rozpocz\u0119cie roku szkolnego 2026\/2027 w ZSP S\u0142awa\" title=\"DSC_5469\" aria-label=\"DSC_5469\" class=\"img-responsive wp-image-35187\" srcset=\"https:\/\/slawa.pl\/wp-content\/uploads\/2026\/09\/DSC_5469-200x133.jpg 200w, https:\/\/slawa.pl\/wp-content\/uploads\/2026\/09\/DSC_5469-400x267.jpg 400w, https:\/\/slawa.pl\/wp-content\/uploads\/2026\/09\/DSC_5469-600x400.jpg 600w, https:\/\/slawa.pl\/wp-content\/uploads\/2026\/09\/DSC_5469-800x533.jpg 800w, https:\/\/slawa.pl\/wp-content\/uploads\/2026\/09\/DSC_5469.jpg 1200w\" sizes=\"(min-width: 2200px) 100vw, (min-width: 784px) 557px, (min-width: 712px) 784px, (min-width: 640px) 712px, \" \/><\/a><\/div><\/div><div style=\"padding:5px;\" class=\"fusion-grid-column fusion-gallery-column fusion-gallery-column-3 hover-type-none\"><div class=\"fusion-gallery-image\"><a href=\"https:\/\/slawa.pl\/wp-content\/uploads\/2026\/09\/DSC_5472.jpg\" rel=\"noreferrer\" data-rel=\"iLightbox[gallery_image_1]\" class=\"fusion-lightbox\" target=\"_self\"><img decoding=\"async\" src=\"https:\/\/slawa.pl\/wp-content\/uploads\/2026\/09\/DSC_5472.jpg\" width=\"1200\" height=\"800\" alt=\"Rozpocz\u0119cie roku szkolnego 2026\/2027 w ZSP S\u0142awa\" title=\"DSC_5472\" aria-label=\"DSC_5472\" class=\"img-responsive wp-image-35188\" srcset=\"https:\/\/slawa.pl\/wp-content\/uploads\/2026\/09\/DSC_5472-200x133.jpg 200w, https:\/\/slawa.pl\/wp-content\/uploads\/2026\/09\/DSC_5472-400x267.jpg 400w, https:\/\/slawa.pl\/wp-content\/uploads\/2026\/09\/DSC_5472-600x400.jpg 600w, https:\/\/slawa.pl\/wp-content\/uploads\/2026\/09\/DSC_5472-800x533.jpg 800w, https:\/\/slawa.pl\/wp-content\/uploads\/2026\/09\/DSC_5472.jpg 1200w\" sizes=\"(min-width: 2200px) 100vw, (min-width: 784px) 557px, (min-width: 712px) 784px, (min-width: 640px) 712px, \" \/><\/a><\/div><\/div><div style=\"padding:5px;\" class=\"fusion-grid-column fusion-gallery-column fusion-gallery-column-3 hover-type-none\"><div class=\"fusion-gallery-image\"><a href=\"https:\/\/slawa.pl\/wp-content\/uploads\/2026\/09\/DSC_5473.jpg\" rel=\"noreferrer\" data-rel=\"iLightbox[gallery_image_1]\" class=\"fusion-lightbox\" target=\"_self\"><img decoding=\"async\" src=\"https:\/\/slawa.pl\/wp-content\/uploads\/2026\/09\/DSC_5473.jpg\" width=\"1200\" height=\"800\" alt=\"Rozpocz\u0119cie roku szkolnego 2026\/2027 w ZSP S\u0142awa\" title=\"DSC_5473\" aria-label=\"DSC_5473\" class=\"img-responsive wp-image-35189\" srcset=\"https:\/\/slawa.pl\/wp-content\/uploads\/2026\/09\/DSC_5473-200x133.jpg 200w, https:\/\/slawa.pl\/wp-content\/uploads\/2026\/09\/DSC_5473-400x267.jpg 400w, https:\/\/slawa.pl\/wp-content\/uploads\/2026\/09\/DSC_5473-600x400.jpg 600w, https:\/\/slawa.pl\/wp-content\/uploads\/2026\/09\/DSC_5473-800x533.jpg 800w, https:\/\/slawa.pl\/wp-content\/uploads\/2026\/09\/DSC_5473.jpg 1200w\" sizes=\"(min-width: 2200px) 100vw, (min-width: 784px) 557px, (min-width: 712px) 784px, (min-width: 640px) 712px, \" \/><\/a><\/div><\/div><div class=\"clearfix\"><\/div><div style=\"padding:5px;\" class=\"fusion-grid-column fusion-gallery-column fusion-gallery-column-3 hover-type-none\"><div class=\"fusion-gallery-image\"><a href=\"https:\/\/slawa.pl\/wp-content\/uploads\/2026\/09\/DSC_5474.jpg\" rel=\"noreferrer\" data-rel=\"iLightbox[gallery_image_1]\" class=\"fusion-lightbox\" target=\"_self\"><img decoding=\"async\" src=\"https:\/\/slawa.pl\/wp-content\/uploads\/2026\/09\/DSC_5474.jpg\" width=\"1200\" height=\"800\" alt=\"Rozpocz\u0119cie roku szkolnego 2026\/2027 w ZSP S\u0142awa\" title=\"DSC_5474\" aria-label=\"DSC_5474\" class=\"img-responsive wp-image-35190\" srcset=\"https:\/\/slawa.pl\/wp-content\/uploads\/2026\/09\/DSC_5474-200x133.jpg 200w, https:\/\/slawa.pl\/wp-content\/uploads\/2026\/09\/DSC_5474-400x267.jpg 400w, https:\/\/slawa.pl\/wp-content\/uploads\/2026\/09\/DSC_5474-600x400.jpg 600w, https:\/\/slawa.pl\/wp-content\/uploads\/2026\/09\/DSC_5474-800x533.jpg 800w, https:\/\/slawa.pl\/wp-content\/uploads\/2026\/09\/DSC_5474.jpg 1200w\" sizes=\"(min-width: 2200px) 100vw, (min-width: 784px) 557px, (min-width: 712px) 784px, (min-width: 640px) 712px, \" \/><\/a><\/div><\/div><div style=\"padding:5px;\" class=\"fusion-grid-column fusion-gallery-column fusion-gallery-column-3 hover-type-none\"><div class=\"fusion-gallery-image\"><a href=\"https:\/\/slawa.pl\/wp-content\/uploads\/2026\/09\/DSC_5477.jpg\" rel=\"noreferrer\" data-rel=\"iLightbox[gallery_image_1]\" class=\"fusion-lightbox\" target=\"_self\"><img decoding=\"async\" src=\"https:\/\/slawa.pl\/wp-content\/uploads\/2026\/09\/DSC_5477.jpg\" width=\"1200\" height=\"800\" alt=\"Rozpocz\u0119cie roku szkolnego 2026\/2027 w ZSP S\u0142awa\" title=\"DSC_5477\" aria-label=\"DSC_5477\" class=\"img-responsive wp-image-35191\" srcset=\"https:\/\/slawa.pl\/wp-content\/uploads\/2026\/09\/DSC_5477-200x133.jpg 200w, https:\/\/slawa.pl\/wp-content\/uploads\/2026\/09\/DSC_5477-400x267.jpg 400w, https:\/\/slawa.pl\/wp-content\/uploads\/2026\/09\/DSC_5477-600x400.jpg 600w, https:\/\/slawa.pl\/wp-content\/uploads\/2026\/09\/DSC_5477-800x533.jpg 800w, https:\/\/slawa.pl\/wp-content\/uploads\/2026\/09\/DSC_5477.jpg 1200w\" sizes=\"(min-width: 2200px) 100vw, (min-width: 784px) 557px, (min-width: 712px) 784px, (min-width: 640px) 712px, \" \/><\/a><\/div><\/div><div style=\"padding:5px;\" class=\"fusion-grid-column fusion-gallery-column fusion-gallery-column-3 hover-type-none\"><div class=\"fusion-gallery-image\"><a href=\"https:\/\/slawa.pl\/wp-content\/uploads\/2026\/09\/DSC_5479.jpg\" rel=\"noreferrer\" data-rel=\"iLightbox[gallery_image_1]\" class=\"fusion-lightbox\" target=\"_self\"><img decoding=\"async\" src=\"https:\/\/slawa.pl\/wp-content\/uploads\/2026\/09\/DSC_5479.jpg\" width=\"1200\" height=\"800\" alt=\"Rozpocz\u0119cie roku szkolnego 2026\/2027 w ZSP S\u0142awa\" title=\"DSC_5479\" aria-label=\"DSC_5479\" class=\"img-responsive wp-image-35192\" srcset=\"https:\/\/slawa.pl\/wp-content\/uploads\/2026\/09\/DSC_5479-200x133.jpg 200w, https:\/\/slawa.pl\/wp-content\/uploads\/2026\/09\/DSC_5479-400x267.jpg 400w, https:\/\/slawa.pl\/wp-content\/uploads\/2026\/09\/DSC_5479-600x400.jpg 600w, https:\/\/slawa.pl\/wp-content\/uploads\/2026\/09\/DSC_5479-800x533.jpg 800w, https:\/\/slawa.pl\/wp-content\/uploads\/2026\/09\/DSC_5479.jpg 1200w\" sizes=\"(min-width: 2200px) 100vw, (min-width: 784px) 557px, (min-width: 712px) 784px, (min-width: 640px) 712px, \" \/><\/a><\/div><\/div><div class=\"clearfix\"><\/div><div style=\"padding:5px;\" class=\"fusion-grid-column fusion-gallery-column fusion-gallery-column-3 hover-type-none\"><div class=\"fusion-gallery-image\"><a href=\"https:\/\/slawa.pl\/wp-content\/uploads\/2026\/09\/DSC_5485.jpg\" rel=\"noreferrer\" data-rel=\"iLightbox[gallery_image_1]\" class=\"fusion-lightbox\" target=\"_self\"><img decoding=\"async\" src=\"https:\/\/slawa.pl\/wp-content\/uploads\/2026\/09\/DSC_5485.jpg\" width=\"1200\" height=\"800\" alt=\"Rozpocz\u0119cie roku szkolnego 2026\/2027 w ZSP S\u0142awa\" title=\"DSC_5485\" aria-label=\"DSC_5485\" class=\"img-responsive wp-image-35193\" srcset=\"https:\/\/slawa.pl\/wp-content\/uploads\/2026\/09\/DSC_5485-200x133.jpg 200w, https:\/\/slawa.pl\/wp-content\/uploads\/2026\/09\/DSC_5485-400x267.jpg 400w, https:\/\/slawa.pl\/wp-content\/uploads\/2026\/09\/DSC_5485-600x400.jpg 600w, https:\/\/slawa.pl\/wp-content\/uploads\/2026\/09\/DSC_5485-800x533.jpg 800w, https:\/\/slawa.pl\/wp-content\/uploads\/2026\/09\/DSC_5485.jpg 1200w\" sizes=\"(min-width: 2200px) 100vw, (min-width: 784px) 557px, (min-width: 712px) 784px, (min-width: 640px) 712px, \" \/><\/a><\/div><\/div><div style=\"padding:5px;\" class=\"fusion-grid-column fusion-gallery-column fusion-gallery-column-3 hover-type-none\"><div class=\"fusion-gallery-image\"><a href=\"https:\/\/slawa.pl\/wp-content\/uploads\/2026\/09\/DSC_5492.jpg\" rel=\"noreferrer\" data-rel=\"iLightbox[gallery_image_1]\" class=\"fusion-lightbox\" target=\"_self\"><img decoding=\"async\" src=\"https:\/\/slawa.pl\/wp-content\/uploads\/2026\/09\/DSC_5492.jpg\" width=\"1200\" height=\"800\" alt=\"Rozpocz\u0119cie roku szkolnego 2026\/2027 w ZSP S\u0142awa\" title=\"DSC_5492\" aria-label=\"DSC_5492\" class=\"img-responsive wp-image-35194\" srcset=\"https:\/\/slawa.pl\/wp-content\/uploads\/2026\/09\/DSC_5492-200x133.jpg 200w, https:\/\/slawa.pl\/wp-content\/uploads\/2026\/09\/DSC_5492-400x267.jpg 400w, https:\/\/slawa.pl\/wp-content\/uploads\/2026\/09\/DSC_5492-600x400.jpg 600w, https:\/\/slawa.pl\/wp-content\/uploads\/2026\/09\/DSC_5492-800x533.jpg 800w, https:\/\/slawa.pl\/wp-content\/uploads\/2026\/09\/DSC_5492.jpg 1200w\" sizes=\"(min-width: 2200px) 100vw, (min-width: 784px) 557px, (min-width: 712px) 784px, (min-width: 640px) 712px, \" \/><\/a><\/div><\/div><div style=\"padding:5px;\" class=\"fusion-grid-column fusion-gallery-column fusion-gallery-column-3 hover-type-none\"><div class=\"fusion-gallery-image\"><a href=\"https:\/\/slawa.pl\/wp-content\/uploads\/2026\/09\/DSC_5493.jpg\" rel=\"noreferrer\" data-rel=\"iLightbox[gallery_image_1]\" class=\"fusion-lightbox\" target=\"_self\"><img decoding=\"async\" src=\"https:\/\/slawa.pl\/wp-content\/uploads\/2026\/09\/DSC_5493.jpg\" width=\"1200\" height=\"800\" alt=\"Rozpocz\u0119cie roku szkolnego 2026\/2027 w ZSP S\u0142awa\" title=\"DSC_5493\" aria-label=\"DSC_5493\" class=\"img-responsive wp-image-35195\" srcset=\"https:\/\/slawa.pl\/wp-content\/uploads\/2026\/09\/DSC_5493-200x133.jpg 200w, https:\/\/slawa.pl\/wp-content\/uploads\/2026\/09\/DSC_5493-400x267.jpg 400w, https:\/\/slawa.pl\/wp-content\/uploads\/2026\/09\/DSC_5493-600x400.jpg 600w, https:\/\/slawa.pl\/wp-content\/uploads\/2026\/09\/DSC_5493-800x533.jpg 800w, https:\/\/slawa.pl\/wp-content\/uploads\/2026\/09\/DSC_5493.jpg 1200w\" sizes=\"(min-width: 2200px) 100vw, (min-width: 784px) 557px, (min-width: 712px) 784px, (min-width: 640px) 712px, \" \/><\/a><\/div><\/div><div class=\"clearfix\"><\/div><div style=\"padding:5px;\" class=\"fusion-grid-column fusion-gallery-column fusion-gallery-column-3 hover-type-none\"><div class=\"fusion-gallery-image\"><a href=\"https:\/\/slawa.pl\/wp-content\/uploads\/2026\/09\/DSC_5494.jpg\" rel=\"noreferrer\" data-rel=\"iLightbox[gallery_image_1]\" class=\"fusion-lightbox\" target=\"_self\"><img decoding=\"async\" src=\"https:\/\/slawa.pl\/wp-content\/uploads\/2026\/09\/DSC_5494.jpg\" width=\"1200\" height=\"800\" alt=\"Rozpocz\u0119cie roku szkolnego 2026\/2027 w ZSP S\u0142awa\" title=\"DSC_5494\" aria-label=\"DSC_5494\" class=\"img-responsive wp-image-35196\" srcset=\"https:\/\/slawa.pl\/wp-content\/uploads\/2026\/09\/DSC_5494-200x133.jpg 200w, https:\/\/slawa.pl\/wp-content\/uploads\/2026\/09\/DSC_5494-400x267.jpg 400w, https:\/\/slawa.pl\/wp-content\/uploads\/2026\/09\/DSC_5494-600x400.jpg 600w, https:\/\/slawa.pl\/wp-content\/uploads\/2026\/09\/DSC_5494-800x533.jpg 800w, https:\/\/slawa.pl\/wp-content\/uploads\/2026\/09\/DSC_5494.jpg 1200w\" sizes=\"(min-width: 2200px) 100vw, (min-width: 784px) 557px, (min-width: 712px) 784px, (min-width: 640px) 712px, \" \/><\/a><\/div><\/div><div style=\"padding:5px;\" class=\"fusion-grid-column fusion-gallery-column fusion-gallery-column-3 hover-type-none\"><div class=\"fusion-gallery-image\"><a href=\"https:\/\/slawa.pl\/wp-content\/uploads\/2026\/09\/DSC_5502.jpg\" rel=\"noreferrer\" data-rel=\"iLightbox[gallery_image_1]\" class=\"fusion-lightbox\" target=\"_self\"><img decoding=\"async\" src=\"https:\/\/slawa.pl\/wp-content\/uploads\/2026\/09\/DSC_5502.jpg\" width=\"1200\" height=\"800\" alt=\"Rozpocz\u0119cie roku szkolnego 2026\/2027 w ZSP S\u0142awa\" title=\"DSC_5502\" aria-label=\"DSC_5502\" class=\"img-responsive wp-image-35197\" srcset=\"https:\/\/slawa.pl\/wp-content\/uploads\/2026\/09\/DSC_5502-200x133.jpg 200w, https:\/\/slawa.pl\/wp-content\/uploads\/2026\/09\/DSC_5502-400x267.jpg 400w, https:\/\/slawa.pl\/wp-content\/uploads\/2026\/09\/DSC_5502-600x400.jpg 600w, https:\/\/slawa.pl\/wp-content\/uploads\/2026\/09\/DSC_5502-800x533.jpg 800w, https:\/\/slawa.pl\/wp-content\/uploads\/2026\/09\/DSC_5502.jpg 1200w\" sizes=\"(min-width: 2200px) 100vw, (min-width: 784px) 557px, (min-width: 712px) 784px, (min-width: 640px) 712px, \" \/><\/a><\/div><\/div><div style=\"padding:5px;\" class=\"fusion-grid-column fusion-gallery-column fusion-gallery-column-3 hover-type-none\"><div class=\"fusion-gallery-image\"><a href=\"https:\/\/slawa.pl\/wp-content\/uploads\/2026\/09\/DSC_5510.jpg\" rel=\"noreferrer\" data-rel=\"iLightbox[gallery_image_1]\" class=\"fusion-lightbox\" target=\"_self\"><img decoding=\"async\" src=\"https:\/\/slawa.pl\/wp-content\/uploads\/2026\/09\/DSC_5510.jpg\" width=\"1200\" height=\"800\" alt=\"Rozpocz\u0119cie roku szkolnego 2026\/2027 w ZSP S\u0142awa\" title=\"DSC_5510\" aria-label=\"DSC_5510\" class=\"img-responsive wp-image-35198\" srcset=\"https:\/\/slawa.pl\/wp-content\/uploads\/2026\/09\/DSC_5510-200x133.jpg 200w, https:\/\/slawa.pl\/wp-content\/uploads\/2026\/09\/DSC_5510-400x267.jpg 400w, https:\/\/slawa.pl\/wp-content\/uploads\/2026\/09\/DSC_5510-600x400.jpg 600w, https:\/\/slawa.pl\/wp-content\/uploads\/2026\/09\/DSC_5510-800x533.jpg 800w, https:\/\/slawa.pl\/wp-content\/uploads\/2026\/09\/DSC_5510.jpg 1200w\" sizes=\"(min-width: 2200px) 100vw, (min-width: 784px) 557px, (min-width: 712px) 784px, (min-width: 640px) 712px, \" \/><\/a><\/div><\/div><div class=\"clearfix\"><\/div><\/div><\/div><\/div><\/div><\/div><\/div>\n","protected":false},"excerpt":{"rendered":"","protected":false},"author":15,"featured_media":35157,"comment_status":"closed","ping_status":"closed","sticky":false,"template":"","format":"standard","meta":{"footnotes":""},"categories":[5,176],"tags":[],"class_list":["post-35153","post","type-post","status-publish","format-standard","has-post-thumbnail","hentry","category-aktualnosci","category-newsbox"],"_links":{"self":[{"href":"https:\/\/slawa.pl\/mcn_json_endpoint\/wp\/v2\/posts\/35153","targetHints":{"allow":["GET"]}}],"collection":[{"href":"https:\/\/slawa.pl\/mcn_json_endpoint\/wp\/v2\/posts"}],"about":[{"href":"https:\/\/slawa.pl\/mcn_json_endpoint\/wp\/v2\/types\/post"}],"author":[{"embeddable":true,"href":"https:\/\/slawa.pl\/mcn_json_endpoint\/wp\/v2\/users\/15"}],"replies":[{"embeddable":true,"href":"https:\/\/slawa.pl\/mcn_json_endpoint\/wp\/v2\/comments?post=35153"}],"version-history":[{"count":2,"href":"https:\/\/slawa.pl\/mcn_json_endpoint\/wp\/v2\/posts\/35153\/revisions"}],"predecessor-version":[{"id":35200,"href":"https:\/\/slawa.pl\/mcn_json_endpoint\/wp\/v2\/posts\/35153\/revisions\/35200"}],"wp:featuredmedia":[{"embeddable":true,"href":"https:\/\/slawa.pl\/mcn_json_endpoint\/wp\/v2\/media\/35157"}],"wp:attachment":[{"href":"https:\/\/slawa.pl\/mcn_json_endpoint\/wp\/v2\/media?parent=35153"}],"wp:term":[{"taxonomy":"category","embeddable":true,"href":"https:\/\/slawa.pl\/mcn_json_endpoint\/wp\/v2\/categories?post=35153"},{"taxonomy":"post_tag","embeddable":true,"href":"https:\/\/slawa.pl\/mcn_json_endpoint\/wp\/v2\/tags?post=35153"}],"curies":[{"name":"wp","href":"https:\/\/api.w.org\/{rel}","templated":true}]}}