{"id":35141,"date":"2026-09-02T08:00:19","date_gmt":"2026-09-02T06:00:19","guid":{"rendered":"https:\/\/slawa.pl\/?p=35141"},"modified":"2026-09-01T08:12:25","modified_gmt":"2026-09-01T06:12:25","slug":"nabor-wnioskow-na-mieszkania-trwa","status":"publish","type":"post","link":"https:\/\/slawa.pl\/nabor-wnioskow-na-mieszkania-trwa\/","title":{"rendered":"Nab\u00f3r wniosk\u00f3w na mieszkania trwa"},"content":{"rendered":"<div class=\"fusion-fullwidth fullwidth-box fusion-builder-row-1 fusion-flex-container has-pattern-background has-mask-background nonhundred-percent-fullwidth non-hundred-percent-height-scrolling\" style=\"--awb-border-radius-top-left:0px;--awb-border-radius-top-right:0px;--awb-border-radius-bottom-right:0px;--awb-border-radius-bottom-left:0px;--awb-flex-wrap:wrap;\" ><div class=\"fusion-builder-row fusion-row fusion-flex-align-items-flex-start fusion-flex-content-wrap\" style=\"max-width:1713.6px;margin-left: calc(-2% \/ 2 );margin-right: calc(-2% \/ 2 );\"><div class=\"fusion-layout-column fusion_builder_column fusion-builder-column-0 fusion_builder_column_1_2 1_2 fusion-flex-column\" style=\"--awb-bg-size:cover;--awb-width-large:50%;--awb-margin-top-large:0px;--awb-spacing-right-large:1.96%;--awb-margin-bottom-large:20px;--awb-spacing-left-large:1.96%;--awb-width-medium:50%;--awb-order-medium:0;--awb-spacing-right-medium:1.96%;--awb-spacing-left-medium:1.96%;--awb-width-small:100%;--awb-order-small:0;--awb-spacing-right-small:0.98%;--awb-spacing-left-small:0.98%;\"><div class=\"fusion-column-wrapper fusion-column-has-shadow fusion-flex-justify-content-flex-start fusion-content-layout-column\"><div class=\"fusion-text fusion-text-1\"><p>Burmistrz S\u0142awy Cezary Sadraku\u0142a oraz Prezes KZN Zielona Dolina Stanis\u0142aw Kieras og\u0142aszaj\u0105 nab\u00f3r wniosk\u00f3w o zawarcie um\u00f3w najmu lokali mieszkalnych realizowanych przez <span class=\"xv78j7m\" spellcheck=\"false\">SIM KZN Zielona Dolina<\/span>.<\/p>\n<p>Nab\u00f3r trwa od 19 sierpnia do 30 wrze\u015bnia 2026 r.<\/p>\n<p>Charakterystyka budynku:<br \/>\n&#8211; lokalizacja: ul. Obro\u0144c\u00f3w Pokoju w S\u0142awie<br \/>\n&#8211; 30 mieszka\u0144 wyko\u0144czonych w standardzie \u201epod klucz\u201d,<br \/>\n&#8211; metra\u017ce mieszka\u0144 od oko\u0142o 28 do 54 m\u00b2,<br \/>\n&#8211; mieszkania 1-, 2- i 3-pokojowe,<br \/>\n&#8211; winda i kom\u00f3rki lokatorskie,<br \/>\n&#8211; miejsca parkingowe.<\/p>\n<p>Wnioski nale\u017cy sk\u0142ada\u0107 wy\u0142\u0105cznie w formie papierowej w Biurze Obs\u0142ugi Interesanta w Urz\u0119dzie Miejskim w S\u0142awie. Decyduje kolejno\u015b\u0107 sk\u0142adania wniosk\u00f3w.<\/p>\n<p>Punkt IV formularza jest szczeg\u00f3lnie istotny &#8211; zawiera kluczowe kryteria, na podstawie kt\u00f3rych przyznawane s\u0105 punkty decyduj\u0105ce o przydziale mieszkania.<\/p>\n<p>Szczeg\u00f3\u0142owe informacje mo\u017cna uzyska\u0107 w Urz\u0119dzie Miejskim w S\u0142awie (pok\u00f3j nr 10) lub pod numerem telefonu +48 68 355 83 46.<\/p>\n<p>Zasady i kryteria naboru: <a class=\"x1fey0fg xmper1u x1edh9d7\" href=\"https:\/\/bip.slawa.pl\/...\/10737_tresc_AP_nr_XVII_162_25.pdf\">https:\/\/bip.slawa.pl\/&#8230;\/10737_tresc_AP_nr_XVII_162_25.pdf<\/a><\/p>\n<p>Wi\u0119cej informacji o inwestycji : <a class=\"x1fey0fg xmper1u x1edh9d7\" href=\"https:\/\/www.simzielonadolina.com\/index.php\/slawa\">https:\/\/www.simzielonadolina.com\/index.php\/slawa<\/a><\/p>\n<p>Formularz wniosku o zawarcie umowy najmu: <a class=\"x1fey0fg xmper1u x1edh9d7\" href=\"https:\/\/bip.slawa.pl\/system\/obj\/11671_wniosek_o_SIM.pdf\">https:\/\/bip.slawa.pl\/system\/obj\/11671_wniosek_o_SIM.pdf<\/a><\/p>\n<p>Zach\u0119camy do sk\u0142adania wniosk\u00f3w i skorzystania z mo\u017cliwo\u015bci zamieszkania w niskoczynszowych lokalach!<\/p>\n<p>\u0179r\u00f3d\u0142o grafika: SIM KZN Zielona Dolina<\/p>\n<\/div><\/div><\/div><div class=\"fusion-layout-column fusion_builder_column fusion-builder-column-1 fusion_builder_column_1_2 1_2 fusion-flex-column\" style=\"--awb-bg-size:cover;--awb-width-large:50%;--awb-margin-top-large:0px;--awb-spacing-right-large:1.96%;--awb-margin-bottom-large:20px;--awb-spacing-left-large:1.96%;--awb-width-medium:50%;--awb-order-medium:0;--awb-spacing-right-medium:1.96%;--awb-spacing-left-medium:1.96%;--awb-width-small:100%;--awb-order-small:0;--awb-spacing-right-small:0.98%;--awb-spacing-left-small:0.98%;\"><div class=\"fusion-column-wrapper fusion-column-has-shadow fusion-flex-justify-content-flex-start fusion-content-layout-column\"><div class=\"awb-gallery-wrapper awb-gallery-wrapper-1 button-span-no\" style=\"--more-btn-alignment:center;\"><div style=\"margin:-5px;--awb-bordersize:0px;\" class=\"fusion-gallery fusion-gallery-container fusion-grid-3 fusion-columns-total-1 fusion-gallery-layout-grid fusion-gallery-1\"><div style=\"padding:5px;\" class=\"fusion-grid-column fusion-gallery-column fusion-gallery-column-3 hover-type-none\"><div class=\"fusion-gallery-image\"><a href=\"https:\/\/slawa.pl\/wp-content\/uploads\/2026\/09\/MIESZKANIA.jpg\" rel=\"noreferrer\" data-rel=\"iLightbox[gallery_image_1]\" class=\"fusion-lightbox\" target=\"_self\"><img decoding=\"async\" src=\"https:\/\/slawa.pl\/wp-content\/uploads\/2026\/09\/MIESZKANIA.jpg\" width=\"1200\" height=\"547\" alt=\"WIZUALIZACJA MIESZKA\u0143 SIM W S\u0141AWIE\" title=\"WIZUALIZACJA MIESZKA\u0143 SIM W S\u0141AWIE\" aria-label=\"WIZUALIZACJA MIESZKA\u0143 SIM W S\u0141AWIE\" class=\"img-responsive wp-image-35143\" srcset=\"https:\/\/slawa.pl\/wp-content\/uploads\/2026\/09\/MIESZKANIA-200x91.jpg 200w, https:\/\/slawa.pl\/wp-content\/uploads\/2026\/09\/MIESZKANIA-400x182.jpg 400w, https:\/\/slawa.pl\/wp-content\/uploads\/2026\/09\/MIESZKANIA-600x274.jpg 600w, https:\/\/slawa.pl\/wp-content\/uploads\/2026\/09\/MIESZKANIA-800x365.jpg 800w, https:\/\/slawa.pl\/wp-content\/uploads\/2026\/09\/MIESZKANIA.jpg 1200w\" sizes=\"(min-width: 2200px) 100vw, (min-width: 784px) 557px, (min-width: 712px) 784px, (min-width: 640px) 712px, \" \/><\/a><\/div><\/div><\/div><\/div><\/div><\/div><\/div><\/div>\n","protected":false},"excerpt":{"rendered":"","protected":false},"author":16,"featured_media":35146,"comment_status":"closed","ping_status":"closed","sticky":false,"template":"","format":"standard","meta":{"footnotes":""},"categories":[5,217,176],"tags":[],"class_list":["post-35141","post","type-post","status-publish","format-standard","has-post-thumbnail","hentry","category-aktualnosci","category-inwestycje","category-newsbox"],"_links":{"self":[{"href":"https:\/\/slawa.pl\/mcn_json_endpoint\/wp\/v2\/posts\/35141","targetHints":{"allow":["GET"]}}],"collection":[{"href":"https:\/\/slawa.pl\/mcn_json_endpoint\/wp\/v2\/posts"}],"about":[{"href":"https:\/\/slawa.pl\/mcn_json_endpoint\/wp\/v2\/types\/post"}],"author":[{"embeddable":true,"href":"https:\/\/slawa.pl\/mcn_json_endpoint\/wp\/v2\/users\/16"}],"replies":[{"embeddable":true,"href":"https:\/\/slawa.pl\/mcn_json_endpoint\/wp\/v2\/comments?post=35141"}],"version-history":[{"count":2,"href":"https:\/\/slawa.pl\/mcn_json_endpoint\/wp\/v2\/posts\/35141\/revisions"}],"predecessor-version":[{"id":35148,"href":"https:\/\/slawa.pl\/mcn_json_endpoint\/wp\/v2\/posts\/35141\/revisions\/35148"}],"wp:featuredmedia":[{"embeddable":true,"href":"https:\/\/slawa.pl\/mcn_json_endpoint\/wp\/v2\/media\/35146"}],"wp:attachment":[{"href":"https:\/\/slawa.pl\/mcn_json_endpoint\/wp\/v2\/media?parent=35141"}],"wp:term":[{"taxonomy":"category","embeddable":true,"href":"https:\/\/slawa.pl\/mcn_json_endpoint\/wp\/v2\/categories?post=35141"},{"taxonomy":"post_tag","embeddable":true,"href":"https:\/\/slawa.pl\/mcn_json_endpoint\/wp\/v2\/tags?post=35141"}],"curies":[{"name":"wp","href":"https:\/\/api.w.org\/{rel}","templated":true}]}}