{"id":35129,"date":"2026-08-31T12:27:29","date_gmt":"2026-08-31T10:27:29","guid":{"rendered":"https:\/\/slawa.pl\/?p=35129"},"modified":"2026-08-31T14:44:03","modified_gmt":"2026-08-31T12:44:03","slug":"rocznica-wybuchu-ii-wojny-swiatowej","status":"publish","type":"post","link":"https:\/\/slawa.pl\/rocznica-wybuchu-ii-wojny-swiatowej\/","title":{"rendered":"Rocznica wybuchu II wojny \u015bwiatowej"},"content":{"rendered":"<div class=\"fusion-fullwidth fullwidth-box fusion-builder-row-1 fusion-flex-container has-pattern-background has-mask-background nonhundred-percent-fullwidth non-hundred-percent-height-scrolling\" style=\"--awb-border-radius-top-left:0px;--awb-border-radius-top-right:0px;--awb-border-radius-bottom-right:0px;--awb-border-radius-bottom-left:0px;--awb-flex-wrap:wrap;\" ><div class=\"fusion-builder-row fusion-row fusion-flex-align-items-flex-start fusion-flex-content-wrap\" style=\"max-width:1713.6px;margin-left: calc(-2% \/ 2 );margin-right: calc(-2% \/ 2 );\"><div class=\"fusion-layout-column fusion_builder_column fusion-builder-column-0 fusion_builder_column_1_2 1_2 fusion-flex-column\" style=\"--awb-bg-size:cover;--awb-width-large:50%;--awb-margin-top-large:0px;--awb-spacing-right-large:1.96%;--awb-margin-bottom-large:20px;--awb-spacing-left-large:1.96%;--awb-width-medium:50%;--awb-order-medium:0;--awb-spacing-right-medium:1.96%;--awb-spacing-left-medium:1.96%;--awb-width-small:100%;--awb-order-small:0;--awb-spacing-right-small:0.98%;--awb-spacing-left-small:0.98%;\"><div class=\"fusion-column-wrapper fusion-column-has-shadow fusion-flex-justify-content-flex-start fusion-content-layout-column\"><div class=\"fusion-text fusion-text-1\"><p>Wspominamy rocznic\u0119 wybuchu II wojny \u015bwiatowej, kt\u00f3ra rozpocz\u0119\u0142a si\u0119 1 wrze\u015bnia 1939 roku atakiem Niemiec na nasz\u0105 Ojczyzn\u0119. By\u0142 to pocz\u0105tek jednego z najtragiczniejszych konflikt\u00f3w w dziejach ludzko\u015bci.<\/p>\n<p>Uroczysto\u015b\u0107 rocznicowa odb\u0119dzie si\u0119 we wtorek, 1 wrze\u015bnia o godzinie 9:00 na Placu Pami\u0119ci Narodowej. Serdecznie zapraszamy mieszka\u0144c\u00f3w S\u0142awy i okolic do wzi\u0119cia udzia\u0142u w tej patriotycznej ceremonii. Oddajmy ho\u0142d tym, kt\u00f3rzy 87 lat temu stan\u0119li do walki przeciwko niemieckiej agresji, broni\u0105c polskiej niepodleg\u0142o\u015bci.<\/p>\n<\/div><\/div><\/div><div class=\"fusion-layout-column fusion_builder_column fusion-builder-column-1 fusion_builder_column_1_2 1_2 fusion-flex-column\" style=\"--awb-bg-size:cover;--awb-width-large:50%;--awb-margin-top-large:0px;--awb-spacing-right-large:1.96%;--awb-margin-bottom-large:20px;--awb-spacing-left-large:1.96%;--awb-width-medium:50%;--awb-order-medium:0;--awb-spacing-right-medium:1.96%;--awb-spacing-left-medium:1.96%;--awb-width-small:100%;--awb-order-small:0;--awb-spacing-right-small:0.98%;--awb-spacing-left-small:0.98%;\"><div class=\"fusion-column-wrapper fusion-column-has-shadow fusion-flex-justify-content-flex-start fusion-content-layout-column\"><div class=\"awb-gallery-wrapper awb-gallery-wrapper-1 button-span-no\" style=\"--more-btn-alignment:center;\"><div style=\"margin:-5px;--awb-bordersize:0px;\" class=\"fusion-gallery fusion-gallery-container fusion-grid-3 fusion-columns-total-1 fusion-gallery-layout-grid fusion-gallery-1\"><div style=\"padding:5px;\" class=\"fusion-grid-column fusion-gallery-column fusion-gallery-column-3 hover-type-none\"><div class=\"fusion-gallery-image\"><a href=\"https:\/\/slawa.pl\/wp-content\/uploads\/2026\/08\/484951557_1062778595877401_7080111941105689478_n.jpg\" rel=\"noreferrer\" data-rel=\"iLightbox[gallery_image_1]\" class=\"fusion-lightbox\" target=\"_self\"><img decoding=\"async\" src=\"https:\/\/slawa.pl\/wp-content\/uploads\/2026\/08\/484951557_1062778595877401_7080111941105689478_n.jpg\" width=\"1200\" height=\"800\" alt=\"Uroczyste obchody\" title=\"Uroczyste obchody\" aria-label=\"Uroczyste obchody\" class=\"img-responsive wp-image-35130\" srcset=\"https:\/\/slawa.pl\/wp-content\/uploads\/2026\/08\/484951557_1062778595877401_7080111941105689478_n-200x133.jpg 200w, https:\/\/slawa.pl\/wp-content\/uploads\/2026\/08\/484951557_1062778595877401_7080111941105689478_n-400x267.jpg 400w, https:\/\/slawa.pl\/wp-content\/uploads\/2026\/08\/484951557_1062778595877401_7080111941105689478_n-600x400.jpg 600w, https:\/\/slawa.pl\/wp-content\/uploads\/2026\/08\/484951557_1062778595877401_7080111941105689478_n-800x533.jpg 800w, https:\/\/slawa.pl\/wp-content\/uploads\/2026\/08\/484951557_1062778595877401_7080111941105689478_n.jpg 1200w\" sizes=\"(min-width: 2200px) 100vw, (min-width: 784px) 557px, (min-width: 712px) 784px, (min-width: 640px) 712px, \" \/><\/a><\/div><\/div><\/div><\/div><\/div><\/div><\/div><\/div>\n","protected":false},"excerpt":{"rendered":"","protected":false},"author":4,"featured_media":35130,"comment_status":"closed","ping_status":"closed","sticky":false,"template":"","format":"standard","meta":{"footnotes":""},"categories":[5,178],"tags":[],"class_list":["post-35129","post","type-post","status-publish","format-standard","has-post-thumbnail","hentry","category-aktualnosci","category-wydarzenia"],"_links":{"self":[{"href":"https:\/\/slawa.pl\/mcn_json_endpoint\/wp\/v2\/posts\/35129","targetHints":{"allow":["GET"]}}],"collection":[{"href":"https:\/\/slawa.pl\/mcn_json_endpoint\/wp\/v2\/posts"}],"about":[{"href":"https:\/\/slawa.pl\/mcn_json_endpoint\/wp\/v2\/types\/post"}],"author":[{"embeddable":true,"href":"https:\/\/slawa.pl\/mcn_json_endpoint\/wp\/v2\/users\/4"}],"replies":[{"embeddable":true,"href":"https:\/\/slawa.pl\/mcn_json_endpoint\/wp\/v2\/comments?post=35129"}],"version-history":[{"count":2,"href":"https:\/\/slawa.pl\/mcn_json_endpoint\/wp\/v2\/posts\/35129\/revisions"}],"predecessor-version":[{"id":35134,"href":"https:\/\/slawa.pl\/mcn_json_endpoint\/wp\/v2\/posts\/35129\/revisions\/35134"}],"wp:featuredmedia":[{"embeddable":true,"href":"https:\/\/slawa.pl\/mcn_json_endpoint\/wp\/v2\/media\/35130"}],"wp:attachment":[{"href":"https:\/\/slawa.pl\/mcn_json_endpoint\/wp\/v2\/media?parent=35129"}],"wp:term":[{"taxonomy":"category","embeddable":true,"href":"https:\/\/slawa.pl\/mcn_json_endpoint\/wp\/v2\/categories?post=35129"},{"taxonomy":"post_tag","embeddable":true,"href":"https:\/\/slawa.pl\/mcn_json_endpoint\/wp\/v2\/tags?post=35129"}],"curies":[{"name":"wp","href":"https:\/\/api.w.org\/{rel}","templated":true}]}}