{"id":34806,"date":"2026-08-28T13:51:42","date_gmt":"2026-08-28T11:51:42","guid":{"rendered":"https:\/\/slawa.pl\/?p=34806"},"modified":"2026-08-28T13:51:42","modified_gmt":"2026-08-28T11:51:42","slug":"dokumentacja-projektowa-dla-przebudowy-drogi-w-lubogoszczy-umowa-podpisana","status":"publish","type":"post","link":"https:\/\/slawa.pl\/dokumentacja-projektowa-dla-przebudowy-drogi-w-lubogoszczy-umowa-podpisana\/","title":{"rendered":"Dokumentacja projektowa dla przebudowy drogi w Lubogoszczy &#8211; umowa podpisana"},"content":{"rendered":"<div class=\"fusion-fullwidth fullwidth-box fusion-builder-row-1 fusion-flex-container has-pattern-background has-mask-background nonhundred-percent-fullwidth non-hundred-percent-height-scrolling\" style=\"--awb-border-radius-top-left:0px;--awb-border-radius-top-right:0px;--awb-border-radius-bottom-right:0px;--awb-border-radius-bottom-left:0px;--awb-flex-wrap:wrap;\" ><div class=\"fusion-builder-row fusion-row fusion-flex-align-items-flex-start fusion-flex-content-wrap\" style=\"max-width:1713.6px;margin-left: calc(-2% \/ 2 );margin-right: calc(-2% \/ 2 );\"><div class=\"fusion-layout-column fusion_builder_column fusion-builder-column-0 fusion_builder_column_1_2 1_2 fusion-flex-column\" style=\"--awb-bg-size:cover;--awb-width-large:50%;--awb-margin-top-large:0px;--awb-spacing-right-large:1.96%;--awb-margin-bottom-large:20px;--awb-spacing-left-large:1.96%;--awb-width-medium:50%;--awb-order-medium:0;--awb-spacing-right-medium:1.96%;--awb-spacing-left-medium:1.96%;--awb-width-small:100%;--awb-order-small:0;--awb-spacing-right-small:0.98%;--awb-spacing-left-small:0.98%;\"><div class=\"fusion-column-wrapper fusion-column-has-shadow fusion-flex-justify-content-flex-start fusion-content-layout-column\"><div class=\"fusion-text fusion-text-1\"><p>W Urz\u0119dzie Miejskim w S\u0142awie Zast\u0119pca Burmistrza S\u0142awy Krzysztof Gruszewski wraz ze wsp\u00f3\u0142pracownikami spotka\u0142 si\u0119 z Piotrem Szyma\u0144skim, w\u0142a\u015bcicielem firmy Piotr Szyma\u0144ski Zak\u0142ad Projektowo-Budowlany P.S. Projekt ze Szczawna-Zdroju.<\/p>\n<p>Podczas spotkania podpisano umow\u0119 na opracowanie dokumentacji projektowej oraz pe\u0142nienie nadzoru autorskiego w trakcie realizacji rob\u00f3t budowlanych dla zadania pn. \u201ePrzebudowa drogi gminnej w ci\u0105gu ulic Granicznej i \u015aw. Floriana w Lubogoszczy\u201d.<\/p>\n<p>Dokumenty maj\u0105 zosta\u0107 przygotowane w terminie 9 miesi\u0119cy, tj. do 28 maja 2027 r. Warto\u015b\u0107 umowy wynosi 163.344,00 z\u0142. Zadanie zostanie w ca\u0142o\u015bci sfinansowane z bud\u017cetu Gminy S\u0142awa.<\/p>\n<p>Inwestycja stworzy po\u0142\u0105czenie pomi\u0119dzy ulicami Ja\u015bminow\u0105 i Graniczn\u0105 a obwodnic\u0105 S\u0142awy.<\/p>\n<\/div><\/div><\/div><div class=\"fusion-layout-column fusion_builder_column fusion-builder-column-1 fusion_builder_column_1_2 1_2 fusion-flex-column\" style=\"--awb-bg-size:cover;--awb-width-large:50%;--awb-margin-top-large:0px;--awb-spacing-right-large:1.96%;--awb-margin-bottom-large:20px;--awb-spacing-left-large:1.96%;--awb-width-medium:50%;--awb-order-medium:0;--awb-spacing-right-medium:1.96%;--awb-spacing-left-medium:1.96%;--awb-width-small:100%;--awb-order-small:0;--awb-spacing-right-small:0.98%;--awb-spacing-left-small:0.98%;\"><div class=\"fusion-column-wrapper fusion-column-has-shadow fusion-flex-justify-content-flex-start fusion-content-layout-column\"><div class=\"awb-gallery-wrapper awb-gallery-wrapper-1 button-span-no\" style=\"--more-btn-alignment:center;\"><div style=\"margin:-5px;--awb-bordersize:0px;\" class=\"fusion-gallery fusion-gallery-container fusion-grid-3 fusion-columns-total-3 fusion-gallery-layout-grid fusion-gallery-1\"><div style=\"padding:5px;\" class=\"fusion-grid-column fusion-gallery-column fusion-gallery-column-3 hover-type-none\"><div class=\"fusion-gallery-image\"><a href=\"https:\/\/slawa.pl\/wp-content\/uploads\/2026\/08\/DSC_5491.jpg\" rel=\"noreferrer\" data-rel=\"iLightbox[gallery_image_1]\" class=\"fusion-lightbox\" target=\"_self\"><img decoding=\"async\" src=\"https:\/\/slawa.pl\/wp-content\/uploads\/2026\/08\/DSC_5491.jpg\" width=\"1200\" height=\"801\" alt=\"Uczestnicy spotkania\" title=\"Uczestnicy spotkania\" aria-label=\"Uczestnicy spotkania\" class=\"img-responsive wp-image-34807\" srcset=\"https:\/\/slawa.pl\/wp-content\/uploads\/2026\/08\/DSC_5491-200x134.jpg 200w, https:\/\/slawa.pl\/wp-content\/uploads\/2026\/08\/DSC_5491-400x267.jpg 400w, https:\/\/slawa.pl\/wp-content\/uploads\/2026\/08\/DSC_5491-600x401.jpg 600w, https:\/\/slawa.pl\/wp-content\/uploads\/2026\/08\/DSC_5491-800x534.jpg 800w, https:\/\/slawa.pl\/wp-content\/uploads\/2026\/08\/DSC_5491.jpg 1200w\" sizes=\"(min-width: 2200px) 100vw, (min-width: 784px) 557px, (min-width: 712px) 784px, (min-width: 640px) 712px, \" \/><\/a><\/div><\/div><div style=\"padding:5px;\" class=\"fusion-grid-column fusion-gallery-column fusion-gallery-column-3 hover-type-none\"><div class=\"fusion-gallery-image\"><a href=\"https:\/\/slawa.pl\/wp-content\/uploads\/2026\/08\/DSC_5495.jpg\" rel=\"noreferrer\" data-rel=\"iLightbox[gallery_image_1]\" class=\"fusion-lightbox\" target=\"_self\"><img decoding=\"async\" src=\"https:\/\/slawa.pl\/wp-content\/uploads\/2026\/08\/DSC_5495.jpg\" width=\"1200\" height=\"800\" alt=\"Uczestnicy spotkania\" title=\"Uczestnicy spotkania\" aria-label=\"Uczestnicy spotkania\" class=\"img-responsive wp-image-34808\" srcset=\"https:\/\/slawa.pl\/wp-content\/uploads\/2026\/08\/DSC_5495-200x133.jpg 200w, https:\/\/slawa.pl\/wp-content\/uploads\/2026\/08\/DSC_5495-400x267.jpg 400w, https:\/\/slawa.pl\/wp-content\/uploads\/2026\/08\/DSC_5495-600x400.jpg 600w, https:\/\/slawa.pl\/wp-content\/uploads\/2026\/08\/DSC_5495-800x533.jpg 800w, https:\/\/slawa.pl\/wp-content\/uploads\/2026\/08\/DSC_5495.jpg 1200w\" sizes=\"(min-width: 2200px) 100vw, (min-width: 784px) 557px, (min-width: 712px) 784px, (min-width: 640px) 712px, \" \/><\/a><\/div><\/div><div style=\"padding:5px;\" class=\"fusion-grid-column fusion-gallery-column fusion-gallery-column-3 hover-type-none\"><div class=\"fusion-gallery-image\"><a href=\"https:\/\/slawa.pl\/wp-content\/uploads\/2026\/08\/DSC_5501.jpg\" rel=\"noreferrer\" data-rel=\"iLightbox[gallery_image_1]\" class=\"fusion-lightbox\" target=\"_self\"><img decoding=\"async\" src=\"https:\/\/slawa.pl\/wp-content\/uploads\/2026\/08\/DSC_5501.jpg\" width=\"1200\" height=\"801\" alt=\"Uczestnicy spotkania\" title=\"Uczestnicy spotkania\" aria-label=\"Uczestnicy spotkania\" class=\"img-responsive wp-image-34809\" srcset=\"https:\/\/slawa.pl\/wp-content\/uploads\/2026\/08\/DSC_5501-200x134.jpg 200w, https:\/\/slawa.pl\/wp-content\/uploads\/2026\/08\/DSC_5501-400x267.jpg 400w, https:\/\/slawa.pl\/wp-content\/uploads\/2026\/08\/DSC_5501-600x401.jpg 600w, https:\/\/slawa.pl\/wp-content\/uploads\/2026\/08\/DSC_5501-800x534.jpg 800w, https:\/\/slawa.pl\/wp-content\/uploads\/2026\/08\/DSC_5501.jpg 1200w\" sizes=\"(min-width: 2200px) 100vw, (min-width: 784px) 557px, (min-width: 712px) 784px, (min-width: 640px) 712px, \" \/><\/a><\/div><\/div><div class=\"clearfix\"><\/div><\/div><\/div><\/div><\/div><\/div><\/div>\n","protected":false},"excerpt":{"rendered":"","protected":false},"author":4,"featured_media":34810,"comment_status":"closed","ping_status":"closed","sticky":false,"template":"","format":"standard","meta":{"footnotes":""},"categories":[5,217,176],"tags":[],"class_list":["post-34806","post","type-post","status-publish","format-standard","has-post-thumbnail","hentry","category-aktualnosci","category-inwestycje","category-newsbox"],"_links":{"self":[{"href":"https:\/\/slawa.pl\/mcn_json_endpoint\/wp\/v2\/posts\/34806","targetHints":{"allow":["GET"]}}],"collection":[{"href":"https:\/\/slawa.pl\/mcn_json_endpoint\/wp\/v2\/posts"}],"about":[{"href":"https:\/\/slawa.pl\/mcn_json_endpoint\/wp\/v2\/types\/post"}],"author":[{"embeddable":true,"href":"https:\/\/slawa.pl\/mcn_json_endpoint\/wp\/v2\/users\/4"}],"replies":[{"embeddable":true,"href":"https:\/\/slawa.pl\/mcn_json_endpoint\/wp\/v2\/comments?post=34806"}],"version-history":[{"count":1,"href":"https:\/\/slawa.pl\/mcn_json_endpoint\/wp\/v2\/posts\/34806\/revisions"}],"predecessor-version":[{"id":34811,"href":"https:\/\/slawa.pl\/mcn_json_endpoint\/wp\/v2\/posts\/34806\/revisions\/34811"}],"wp:featuredmedia":[{"embeddable":true,"href":"https:\/\/slawa.pl\/mcn_json_endpoint\/wp\/v2\/media\/34810"}],"wp:attachment":[{"href":"https:\/\/slawa.pl\/mcn_json_endpoint\/wp\/v2\/media?parent=34806"}],"wp:term":[{"taxonomy":"category","embeddable":true,"href":"https:\/\/slawa.pl\/mcn_json_endpoint\/wp\/v2\/categories?post=34806"},{"taxonomy":"post_tag","embeddable":true,"href":"https:\/\/slawa.pl\/mcn_json_endpoint\/wp\/v2\/tags?post=34806"}],"curies":[{"name":"wp","href":"https:\/\/api.w.org\/{rel}","templated":true}]}}