{"id":22415,"date":"2026-03-11T12:42:14","date_gmt":"2026-03-11T11:42:14","guid":{"rendered":"https:\/\/slawa.pl\/?p=22415"},"modified":"2026-03-11T12:43:40","modified_gmt":"2026-03-11T11:43:40","slug":"22415-2","status":"publish","type":"post","link":"https:\/\/slawa.pl\/22415-2\/","title":{"rendered":"Zaproszenie do udzia\u0142u w konkursie NGO Hero"},"content":{"rendered":"<div class=\"fusion-fullwidth fullwidth-box fusion-builder-row-1 fusion-flex-container has-pattern-background has-mask-background nonhundred-percent-fullwidth non-hundred-percent-height-scrolling\" style=\"--awb-border-radius-top-left:0px;--awb-border-radius-top-right:0px;--awb-border-radius-bottom-right:0px;--awb-border-radius-bottom-left:0px;--awb-flex-wrap:wrap;\" ><div class=\"fusion-builder-row fusion-row fusion-flex-align-items-flex-start fusion-flex-content-wrap\" style=\"max-width:1713.6px;margin-left: calc(-2% \/ 2 );margin-right: calc(-2% \/ 2 );\"><div class=\"fusion-layout-column fusion_builder_column fusion-builder-column-0 fusion_builder_column_1_2 1_2 fusion-flex-column\" style=\"--awb-bg-size:cover;--awb-width-large:50%;--awb-margin-top-large:0px;--awb-spacing-right-large:1.96%;--awb-margin-bottom-large:20px;--awb-spacing-left-large:1.96%;--awb-width-medium:50%;--awb-order-medium:0;--awb-spacing-right-medium:1.96%;--awb-spacing-left-medium:1.96%;--awb-width-small:100%;--awb-order-small:0;--awb-spacing-right-small:0.98%;--awb-spacing-left-small:0.98%;\"><div class=\"fusion-column-wrapper fusion-column-has-shadow fusion-flex-justify-content-flex-start fusion-content-layout-column\"><div class=\"fusion-text fusion-text-1\"><p>Trwa nab\u00f3r do II edycji og\u00f3lnopolskiego konkursu NGO Hero organizowanego przez Fundacj\u0119 Pro NGO.<\/p>\n<p>To inicjatywa, kt\u00f3ra pozwala organizacjom pozarz\u0105dowym doceni\u0107 osoby wspieraj\u0105ce ich rozw\u00f3j i dzia\u0142alno\u015b\u0107.<\/p>\n<ul>\n<li>Organizacje pozarz\u0105dowe mog\u0105 zg\u0142asza\u0107 swoich Bohater\u00f3w w 7 kategoriach: NGO, Urz\u0105d, Firma, M\u0142odzie\u017c, Osoba indywidualna, Media, Znani i Zaanga\u017cowani.<\/li>\n<li>Zg\u0142oszenia musz\u0105 dotyczy\u0107 wsp\u00f3\u0142prac lub projekt\u00f3w zako\u0144czonych w 2025 roku.<\/li>\n<li>Udzia\u0142 w konkursie jest bezp\u0142atny.<\/li>\n<li>Zg\u0142oszenia przyjmowane s\u0105 do 22 marca 2026 r. za po\u015brednictwem formularza na stronie: <a href=\"https:\/\/ngohero.pl\/\">https:\/\/ngohero.pl\/<\/a><\/li>\n<\/ul>\n<p>Zach\u0119camy NGO-sy z naszego regionu do udzia\u0142u w konkursie i zg\u0142aszania os\u00f3b, kt\u00f3re realnie wspieraj\u0105 trzeci sektor. W tym roku organizatorzy przewidzieli nagrody \u2013 zar\u00f3wno dla laureat\u00f3w, jak i dla organizacji pozarz\u0105dowych &#8211; <a href=\"https:\/\/ngohero.pl\/nagroda-specjalna-10-000-zl-dla-organizacji-ktora-zglosi-laureata_tke-w-kategorii-ngo\/\">https:\/\/ngohero.pl\/nagroda-specjalna-10-000-zl-dla-organizacji-ktora-zglosi-laureata_tke-w-kategorii-ngo\/<\/a><\/p>\n<p>Terminy<br \/>\nStart konkursu: 10 lutego 2026 r.<br \/>\nZako\u0144czenie przyjmowania zg\u0142osze\u0144: 22 marca 2026 r.<br \/>\nOg\u0142oszenie listy Nominowanych: 15 kwietnia 2026 r.<br \/>\nOg\u0142oszenie Laureat\u00f3w i wr\u0119czenie nagr\u00f3d: 18 maja 2026 r.<\/p>\n<p>Gala konkursu<br \/>\nUroczysta Gala konkursu odb\u0119dzie si\u0119 18 maja 2026 r. w Krakowie, w Auditorium Maximum UJ. Go\u015bciem specjalnym Gali b\u0119dzie Marek Piekarczyk, kt\u00f3ry wyg\u0142osi wyst\u0105pienie motywacyjne, a tak\u017ce wr\u0119czy nagrod\u0119 w jednej z kategorii.<\/p>\n<p>Patroni Honorowi:<br \/>\n\u0141ukasz Sm\u00f3\u0142ka Marsza\u0142ek Wojew\u00f3dztwa Ma\u0142opolskiego; Adam Struzik Marsza\u0142ek Wojew\u00f3dztwa Mazowieckiego, \u0141ukasz Prokorym Marsza\u0142ek Wojew\u00f3dztwa Podlaskiego, Pawe\u0142 Gancarz Marsza\u0142ek Wojew\u00f3dztwa Dolno\u015bl\u0105skiego, Sebastian Ciemnoczo\u0142owski Marsza\u0142ek Wojew\u00f3dztwa Lubuskiego.<br \/>\nPartnerzy i Patroni medialni<br \/>\nPartnerzy konkursu: Fundacja Leroy Merlin, Pro Progressio<br \/>\nPatroni medialni: Focus ON Business, Portal CSRiESG.pl, G\u0142os Seniora, Og\u00f3lnopolska Karta Seniora, Nowy Marketing, Marketing przy Kawie.<\/p>\n<p>O Fundacji Pro NGO<br \/>\nFundacja Pro NGO od 2020 roku wspiera organizacje pozarz\u0105dowe w Polsce, u\u0142atwiaj\u0105c ich wsp\u00f3\u0142prac\u0119 z biznesem i instytucjami publicznymi. Dzi\u0119ki r\u00f3\u017cnorodnym projektom, szkoleniom i inicjatywom, Fundacja przyczynia si\u0119 do profesjonalizacji trzeciego sektora oraz budowania spo\u0142ecze\u0144stwa obywatelskiego.<\/p>\n<p><a href=\"https:\/\/slawa.pl\/wp-content\/uploads\/2026\/03\/Kategorie-konkursowe.pdf\">Wi\u0119cej informacji<\/a><\/p>\n<p>Tekst i grafika <a href=\"https:\/\/pro-ngo.pl\/\">Fundacja Pro NGO<\/a><\/p>\n<\/div><\/div><\/div><div class=\"fusion-layout-column fusion_builder_column fusion-builder-column-1 fusion_builder_column_1_2 1_2 fusion-flex-column\" style=\"--awb-bg-size:cover;--awb-width-large:50%;--awb-margin-top-large:0px;--awb-spacing-right-large:1.96%;--awb-margin-bottom-large:20px;--awb-spacing-left-large:1.96%;--awb-width-medium:50%;--awb-order-medium:0;--awb-spacing-right-medium:1.96%;--awb-spacing-left-medium:1.96%;--awb-width-small:100%;--awb-order-small:0;--awb-spacing-right-small:0.98%;--awb-spacing-left-small:0.98%;\"><div class=\"fusion-column-wrapper fusion-column-has-shadow fusion-flex-justify-content-flex-start fusion-content-layout-column\"><div class=\"fusion-image-element\" style=\"--awb-caption-title-font-family:var(--h2_typography-font-family);--awb-caption-title-font-weight:var(--h2_typography-font-weight);--awb-caption-title-font-style:var(--h2_typography-font-style);--awb-caption-title-size:var(--h2_typography-font-size);--awb-caption-title-transform:var(--h2_typography-text-transform);--awb-caption-title-line-height:var(--h2_typography-line-height);--awb-caption-title-letter-spacing:var(--h2_typography-letter-spacing);\"><span class=\" fusion-imageframe imageframe-none imageframe-1 hover-type-none\"><img decoding=\"async\" width=\"1754\" height=\"2480\" title=\"Grafika g\u0142\u00f3wna NGO Hero 2026\" src=\"https:\/\/slawa.pl\/wp-content\/uploads\/2026\/03\/Grafika-glowna-NGO-Hero-2026.jpg\" alt class=\"img-responsive wp-image-22435\" srcset=\"https:\/\/slawa.pl\/wp-content\/uploads\/2026\/03\/Grafika-glowna-NGO-Hero-2026-200x283.jpg 200w, https:\/\/slawa.pl\/wp-content\/uploads\/2026\/03\/Grafika-glowna-NGO-Hero-2026-400x566.jpg 400w, https:\/\/slawa.pl\/wp-content\/uploads\/2026\/03\/Grafika-glowna-NGO-Hero-2026-600x848.jpg 600w, https:\/\/slawa.pl\/wp-content\/uploads\/2026\/03\/Grafika-glowna-NGO-Hero-2026-800x1131.jpg 800w, https:\/\/slawa.pl\/wp-content\/uploads\/2026\/03\/Grafika-glowna-NGO-Hero-2026-1200x1697.jpg 1200w, https:\/\/slawa.pl\/wp-content\/uploads\/2026\/03\/Grafika-glowna-NGO-Hero-2026.jpg 1754w\" sizes=\"(max-width: 800px) 100vw, 1200px\" \/><\/span><\/div><\/div><\/div><\/div><\/div>\n","protected":false},"excerpt":{"rendered":"","protected":false},"author":5,"featured_media":22436,"comment_status":"closed","ping_status":"closed","sticky":false,"template":"","format":"standard","meta":{"footnotes":""},"categories":[5,222],"tags":[],"class_list":["post-22415","post","type-post","status-publish","format-standard","has-post-thumbnail","hentry","category-aktualnosci","category-informacje"],"_links":{"self":[{"href":"https:\/\/slawa.pl\/mcn_json_endpoint\/wp\/v2\/posts\/22415","targetHints":{"allow":["GET"]}}],"collection":[{"href":"https:\/\/slawa.pl\/mcn_json_endpoint\/wp\/v2\/posts"}],"about":[{"href":"https:\/\/slawa.pl\/mcn_json_endpoint\/wp\/v2\/types\/post"}],"author":[{"embeddable":true,"href":"https:\/\/slawa.pl\/mcn_json_endpoint\/wp\/v2\/users\/5"}],"replies":[{"embeddable":true,"href":"https:\/\/slawa.pl\/mcn_json_endpoint\/wp\/v2\/comments?post=22415"}],"version-history":[{"count":2,"href":"https:\/\/slawa.pl\/mcn_json_endpoint\/wp\/v2\/posts\/22415\/revisions"}],"predecessor-version":[{"id":22438,"href":"https:\/\/slawa.pl\/mcn_json_endpoint\/wp\/v2\/posts\/22415\/revisions\/22438"}],"wp:featuredmedia":[{"embeddable":true,"href":"https:\/\/slawa.pl\/mcn_json_endpoint\/wp\/v2\/media\/22436"}],"wp:attachment":[{"href":"https:\/\/slawa.pl\/mcn_json_endpoint\/wp\/v2\/media?parent=22415"}],"wp:term":[{"taxonomy":"category","embeddable":true,"href":"https:\/\/slawa.pl\/mcn_json_endpoint\/wp\/v2\/categories?post=22415"},{"taxonomy":"post_tag","embeddable":true,"href":"https:\/\/slawa.pl\/mcn_json_endpoint\/wp\/v2\/tags?post=22415"}],"curies":[{"name":"wp","href":"https:\/\/api.w.org\/{rel}","templated":true}]}}